{"id":1673,"date":"2012-05-29T01:30:32","date_gmt":"2012-05-29T04:30:32","guid":{"rendered":"http:\/\/archivosonoro.com.ar\/?p=1673"},"modified":"2012-05-29T01:30:32","modified_gmt":"2012-05-29T04:30:32","slug":"luego-de-la-recorrida-de-los-legisladores-la-ministra-grieco-se-reunio-con-los-profesionales-medicos","status":"publish","type":"post","link":"https:\/\/archivosonoro.com.ar\/wordpress\/?p=1673","title":{"rendered":"Luego de la recorrida de los legisladores, la ministra Grieco se reuni\u00f3 con los profesionales m\u00e9dicos."},"content":{"rendered":"<p>Legisladores que integran la Comisi\u00f3n de Salud recorrieron el Hospital Regional R\u00edo Grande. \u00abJugamos un rol de escuchar y ver porque habl\u00f3 b\u00e1sicamente la gente\u00bb dijo el Dr. Jorge Carmassi, a\u00f1adiendo que los integrantes de cada servicio documentaron lo que estaban diciendo. Record\u00f3 que hace pocos d\u00edas tambi\u00e9n hubo una recorrida de concejales y se\u00f1al\u00f3 \u00abnos deja el mal sabor de saber que tenemos que recurrir a estas instituciones para que desde el Ministerio de Salud dejen de hacer o\u00eddos sordos a lo que estamos reclamando\u00bb.<br \/>\nEn declaraciones a FM La Isla, Carmassi confirm\u00f3 que tras la visita de los legisladores tuvieron una reuni\u00f3n con la Ministra de Salud quien les dijo que no era necesario llamar a determinados periodistas ni a integrantes de la Legislatura para solucionar esta cuesti\u00f3n.<\/p>\n","protected":false},"excerpt":{"rendered":"<p>Legisladores que integran la Comisi\u00f3n de Salud recorrieron el Hospital Regional R\u00edo Grande. \u00abJugamos un rol de escuchar y ver porque habl\u00f3 b\u00e1sicamente la gente\u00bb dijo el Dr. Jorge Carmassi, a\u00f1adiendo que los integrantes de cada servicio documentaron lo que estaban diciendo. Record\u00f3 que hace pocos d\u00edas tambi\u00e9n hubo una recorrida de concejales y se\u00f1al\u00f3 [&hellip;]<\/p>\n","protected":false},"author":7,"featured_media":0,"comment_status":"open","ping_status":"open","sticky":false,"template":"","format":"standard","meta":{"footnotes":""},"categories":[544],"tags":[131,51],"class_list":["post-1673","post","type-post","status-publish","format-standard","hentry","category-fm-la-isla","tag-carmassi","tag-grieco"],"_links":{"self":[{"href":"https:\/\/archivosonoro.com.ar\/wordpress\/index.php?rest_route=\/wp\/v2\/posts\/1673","targetHints":{"allow":["GET"]}}],"collection":[{"href":"https:\/\/archivosonoro.com.ar\/wordpress\/index.php?rest_route=\/wp\/v2\/posts"}],"about":[{"href":"https:\/\/archivosonoro.com.ar\/wordpress\/index.php?rest_route=\/wp\/v2\/types\/post"}],"author":[{"embeddable":true,"href":"https:\/\/archivosonoro.com.ar\/wordpress\/index.php?rest_route=\/wp\/v2\/users\/7"}],"replies":[{"embeddable":true,"href":"https:\/\/archivosonoro.com.ar\/wordpress\/index.php?rest_route=%2Fwp%2Fv2%2Fcomments&post=1673"}],"version-history":[{"count":1,"href":"https:\/\/archivosonoro.com.ar\/wordpress\/index.php?rest_route=\/wp\/v2\/posts\/1673\/revisions"}],"predecessor-version":[{"id":1674,"href":"https:\/\/archivosonoro.com.ar\/wordpress\/index.php?rest_route=\/wp\/v2\/posts\/1673\/revisions\/1674"}],"wp:attachment":[{"href":"https:\/\/archivosonoro.com.ar\/wordpress\/index.php?rest_route=%2Fwp%2Fv2%2Fmedia&parent=1673"}],"wp:term":[{"taxonomy":"category","embeddable":true,"href":"https:\/\/archivosonoro.com.ar\/wordpress\/index.php?rest_route=%2Fwp%2Fv2%2Fcategories&post=1673"},{"taxonomy":"post_tag","embeddable":true,"href":"https:\/\/archivosonoro.com.ar\/wordpress\/index.php?rest_route=%2Fwp%2Fv2%2Ftags&post=1673"}],"curies":[{"name":"wp","href":"https:\/\/api.w.org\/{rel}","templated":true}]}}