{"id":1669,"date":"2012-05-28T12:27:01","date_gmt":"2012-05-28T15:27:01","guid":{"rendered":"http:\/\/archivosonoro.com.ar\/?p=1669"},"modified":"2012-05-28T12:27:01","modified_gmt":"2012-05-28T15:27:01","slug":"arcando-jc-no-hay-ningun-atraso-en-la-coparticipacion-a-las-provincias","status":"publish","type":"post","link":"https:\/\/archivosonoro.com.ar\/wordpress\/?p=1669","title":{"rendered":"Arcando JC: \u00abNo hay ning\u00fan atraso en la coparticipaci\u00f3n a las provincias\u00bb"},"content":{"rendered":"<p>Juan Carlos Arcando asegur\u00f3 que el Vice Ministro de Econom\u00eda de la Naci\u00f3n, Juan Carlos Pezoa le mostr\u00f3 la documentaci\u00f3n del goteo de coparticipaci\u00f3n nacional y \u00abque no hay ning\u00fan atraso en la coparticipaci\u00f3n a las provincias\u00bb y que la disminuci\u00f3n es la propia debido a la recaudaci\u00f3n.<br \/>\nEl Legislador del FPV explic\u00f3 en FM Ritual que no todos los impuestos son coparticipables y que no ha habido una modificaci\u00f3n en el flujo diario y autom\u00e1tico que pueda hacer que disminuyan los ingresos.<br \/>\nFinalmente, opin\u00f3 sobre el recorte de coparticipaci\u00f3n a las municipalidades, \u00abvamos a ser respetuosos de lo que resuelva el Superior Tribunal en acuerdo con los municipios\u00bb, afirm\u00f3.<\/p>\n","protected":false},"excerpt":{"rendered":"<p>Juan Carlos Arcando asegur\u00f3 que el Vice Ministro de Econom\u00eda de la Naci\u00f3n, Juan Carlos Pezoa le mostr\u00f3 la documentaci\u00f3n del goteo de coparticipaci\u00f3n nacional y \u00abque no hay ning\u00fan atraso en la coparticipaci\u00f3n a las provincias\u00bb y que la disminuci\u00f3n es la propia debido a la recaudaci\u00f3n. El Legislador del FPV explic\u00f3 en FM [&hellip;]<\/p>\n","protected":false},"author":7,"featured_media":0,"comment_status":"open","ping_status":"open","sticky":false,"template":"","format":"standard","meta":{"footnotes":""},"categories":[542],"tags":[67,617],"class_list":["post-1669","post","type-post","status-publish","format-standard","hentry","category-fm-ritual","tag-arcando","tag-pezoa"],"_links":{"self":[{"href":"https:\/\/archivosonoro.com.ar\/wordpress\/index.php?rest_route=\/wp\/v2\/posts\/1669","targetHints":{"allow":["GET"]}}],"collection":[{"href":"https:\/\/archivosonoro.com.ar\/wordpress\/index.php?rest_route=\/wp\/v2\/posts"}],"about":[{"href":"https:\/\/archivosonoro.com.ar\/wordpress\/index.php?rest_route=\/wp\/v2\/types\/post"}],"author":[{"embeddable":true,"href":"https:\/\/archivosonoro.com.ar\/wordpress\/index.php?rest_route=\/wp\/v2\/users\/7"}],"replies":[{"embeddable":true,"href":"https:\/\/archivosonoro.com.ar\/wordpress\/index.php?rest_route=%2Fwp%2Fv2%2Fcomments&post=1669"}],"version-history":[{"count":1,"href":"https:\/\/archivosonoro.com.ar\/wordpress\/index.php?rest_route=\/wp\/v2\/posts\/1669\/revisions"}],"predecessor-version":[{"id":1670,"href":"https:\/\/archivosonoro.com.ar\/wordpress\/index.php?rest_route=\/wp\/v2\/posts\/1669\/revisions\/1670"}],"wp:attachment":[{"href":"https:\/\/archivosonoro.com.ar\/wordpress\/index.php?rest_route=%2Fwp%2Fv2%2Fmedia&parent=1669"}],"wp:term":[{"taxonomy":"category","embeddable":true,"href":"https:\/\/archivosonoro.com.ar\/wordpress\/index.php?rest_route=%2Fwp%2Fv2%2Fcategories&post=1669"},{"taxonomy":"post_tag","embeddable":true,"href":"https:\/\/archivosonoro.com.ar\/wordpress\/index.php?rest_route=%2Fwp%2Fv2%2Ftags&post=1669"}],"curies":[{"name":"wp","href":"https:\/\/api.w.org\/{rel}","templated":true}]}}