{"id":1667,"date":"2012-05-28T11:46:52","date_gmt":"2012-05-28T14:46:52","guid":{"rendered":"http:\/\/archivosonoro.com.ar\/?p=1667"},"modified":"2012-05-28T11:46:52","modified_gmt":"2012-05-28T14:46:52","slug":"ruiz-c-las-criticas-de-deramo-aceleraron-la-decision-de-su-remocion","status":"publish","type":"post","link":"https:\/\/archivosonoro.com.ar\/wordpress\/?p=1667","title":{"rendered":"Ruiz C: Las cr\u00edticas de D&#8217;eramo aceleraron la decisi\u00f3n de su remoci\u00f3n."},"content":{"rendered":"<p>\u00abNadie ech\u00f3 al Director de Estad\u00edsticas como han dicho algunos medios, lo que se ha hecho es removerlo de su cargo no de su funci\u00f3n dentro de la Direcci\u00f3n de Estad\u00edsticas\u00bb, afirm\u00f3 el Ministro de Econom\u00eda a\u00f1adiendo que hay un concurso previsto para ocupar ese cargo. Tambi\u00e9n dijo que \u00abes totalmente falso y me preocupa la irresponsabilidad de algunos actores\u00bb por publicar que el alejamiento se debi\u00f3 a la publicaci\u00f3n de los \u00edndices de inflaci\u00f3n.<br \/>\nEn Radio Nacional Ushuaia sostuvo que \u00aba partir de ahora los \u00edndices se publicar\u00e1n desde la Direcci\u00f3n de Estad\u00edsticas sin mi aprobaci\u00f3n, voy a ordenar que se publiquen directamente desde la Direcci\u00f3n de Estad\u00edsticas para no generar m\u00e1s estos inconvenientes\u00bb.<br \/>\nCristian Ruiz admiti\u00f3 que \u00abla decisi\u00f3n estaba tomada desde antes, quiz\u00e1s todo el mundo va a asociar que la remoci\u00f3n en el cargo tiene que ver directamente con haber hablado. \u00bfQu\u00e9 es haber hablado?, si hubiera salido a decir los \u00edndices, nada de esto hubiera sucedido. Lo que sucedi\u00f3 es que una persona que depende de mi ministerio sale a hablar p\u00fablicamente en contra del ministerio al cual \u00e9l pertenece, diciendo que tiene algunas dificultades por la no publicaci\u00f3n de los \u00edndices (&#8230;)se tom\u00f3 la decisi\u00f3n justamente despu\u00e9s de este inconveniente\u00bb.<br \/>\nRuiz respondi\u00f3 tambi\u00e9n sobre las reuniones mantenidas en Naci\u00f3n por los alcances del Decreto Presidencial 751 que quita beneficios de la Ley 19640 a las petroleras aclarando que la intenci\u00f3n nacional no es atacar el r\u00e9gimen de promoci\u00f3n sino que la decisi\u00f3n tuvo que ver con una pol\u00edtica de hidrocarburos.<\/p>\n","protected":false},"excerpt":{"rendered":"<p>\u00abNadie ech\u00f3 al Director de Estad\u00edsticas como han dicho algunos medios, lo que se ha hecho es removerlo de su cargo no de su funci\u00f3n dentro de la Direcci\u00f3n de Estad\u00edsticas\u00bb, afirm\u00f3 el Ministro de Econom\u00eda a\u00f1adiendo que hay un concurso previsto para ocupar ese cargo. Tambi\u00e9n dijo que \u00abes totalmente falso y me preocupa [&hellip;]<\/p>\n","protected":false},"author":7,"featured_media":0,"comment_status":"open","ping_status":"open","sticky":false,"template":"","format":"standard","meta":{"footnotes":""},"categories":[12],"tags":[239],"class_list":["post-1667","post","type-post","status-publish","format-standard","hentry","category-rnu","tag-ruiz"],"_links":{"self":[{"href":"https:\/\/archivosonoro.com.ar\/wordpress\/index.php?rest_route=\/wp\/v2\/posts\/1667","targetHints":{"allow":["GET"]}}],"collection":[{"href":"https:\/\/archivosonoro.com.ar\/wordpress\/index.php?rest_route=\/wp\/v2\/posts"}],"about":[{"href":"https:\/\/archivosonoro.com.ar\/wordpress\/index.php?rest_route=\/wp\/v2\/types\/post"}],"author":[{"embeddable":true,"href":"https:\/\/archivosonoro.com.ar\/wordpress\/index.php?rest_route=\/wp\/v2\/users\/7"}],"replies":[{"embeddable":true,"href":"https:\/\/archivosonoro.com.ar\/wordpress\/index.php?rest_route=%2Fwp%2Fv2%2Fcomments&post=1667"}],"version-history":[{"count":1,"href":"https:\/\/archivosonoro.com.ar\/wordpress\/index.php?rest_route=\/wp\/v2\/posts\/1667\/revisions"}],"predecessor-version":[{"id":1668,"href":"https:\/\/archivosonoro.com.ar\/wordpress\/index.php?rest_route=\/wp\/v2\/posts\/1667\/revisions\/1668"}],"wp:attachment":[{"href":"https:\/\/archivosonoro.com.ar\/wordpress\/index.php?rest_route=%2Fwp%2Fv2%2Fmedia&parent=1667"}],"wp:term":[{"taxonomy":"category","embeddable":true,"href":"https:\/\/archivosonoro.com.ar\/wordpress\/index.php?rest_route=%2Fwp%2Fv2%2Fcategories&post=1667"},{"taxonomy":"post_tag","embeddable":true,"href":"https:\/\/archivosonoro.com.ar\/wordpress\/index.php?rest_route=%2Fwp%2Fv2%2Ftags&post=1667"}],"curies":[{"name":"wp","href":"https:\/\/api.w.org\/{rel}","templated":true}]}}