{"id":1665,"date":"2012-05-28T11:26:30","date_gmt":"2012-05-28T14:26:30","guid":{"rendered":"http:\/\/archivosonoro.com.ar\/?p=1665"},"modified":"2012-05-28T11:26:30","modified_gmt":"2012-05-28T14:26:30","slug":"esperon-s-recorte-de-coparticipacion-no-se-estan-midiendo-los-efectos-que-esto-pueda-tener","status":"publish","type":"post","link":"https:\/\/archivosonoro.com.ar\/wordpress\/?p=1665","title":{"rendered":"Esper\u00f3n S: Recorte de coparticipaci\u00f3n: \u00abno se est\u00e1n midiendo los efectos que esto pueda tener\u00bb."},"content":{"rendered":"<p>Mediante una solicitada, el SOEM manifest\u00f3 en defensa de la autonom\u00eda municipal. Sandra Esper\u00f3n dialog\u00f3 con Radio Provincia y refiri\u00f3 a la reuni\u00f3n mantenida con el Intendente el jueves pasado. Tambi\u00e9n dijo que han escuchado a muchos constitucionalistas en estos d\u00edas y a quienes han participado en el esp\u00edritu de la Ley y \u00abcreemos que esto no lo va a resolver la justicia\u00bb, a\u00f1adiendo que \u00abno se est\u00e1n midiendo los efectos que esto pueda tener\u00bb.<br \/>\nConfirm\u00f3 que participar\u00e1n esta ma\u00f1ana del encuentro con el Intendente junto a otros gremios en la manifestaci\u00f3n en rechazo a esta quita de coparticipaci\u00f3n.<\/p>\n","protected":false},"excerpt":{"rendered":"<p>Mediante una solicitada, el SOEM manifest\u00f3 en defensa de la autonom\u00eda municipal. Sandra Esper\u00f3n dialog\u00f3 con Radio Provincia y refiri\u00f3 a la reuni\u00f3n mantenida con el Intendente el jueves pasado. Tambi\u00e9n dijo que han escuchado a muchos constitucionalistas en estos d\u00edas y a quienes han participado en el esp\u00edritu de la Ley y \u00abcreemos que [&hellip;]<\/p>\n","protected":false},"author":7,"featured_media":0,"comment_status":"open","ping_status":"open","sticky":false,"template":"","format":"standard","meta":{"footnotes":""},"categories":[3],"tags":[42,44],"class_list":["post-1665","post","type-post","status-publish","format-standard","hentry","category-radio-provincia","tag-esperon","tag-soem"],"_links":{"self":[{"href":"https:\/\/archivosonoro.com.ar\/wordpress\/index.php?rest_route=\/wp\/v2\/posts\/1665","targetHints":{"allow":["GET"]}}],"collection":[{"href":"https:\/\/archivosonoro.com.ar\/wordpress\/index.php?rest_route=\/wp\/v2\/posts"}],"about":[{"href":"https:\/\/archivosonoro.com.ar\/wordpress\/index.php?rest_route=\/wp\/v2\/types\/post"}],"author":[{"embeddable":true,"href":"https:\/\/archivosonoro.com.ar\/wordpress\/index.php?rest_route=\/wp\/v2\/users\/7"}],"replies":[{"embeddable":true,"href":"https:\/\/archivosonoro.com.ar\/wordpress\/index.php?rest_route=%2Fwp%2Fv2%2Fcomments&post=1665"}],"version-history":[{"count":1,"href":"https:\/\/archivosonoro.com.ar\/wordpress\/index.php?rest_route=\/wp\/v2\/posts\/1665\/revisions"}],"predecessor-version":[{"id":1666,"href":"https:\/\/archivosonoro.com.ar\/wordpress\/index.php?rest_route=\/wp\/v2\/posts\/1665\/revisions\/1666"}],"wp:attachment":[{"href":"https:\/\/archivosonoro.com.ar\/wordpress\/index.php?rest_route=%2Fwp%2Fv2%2Fmedia&parent=1665"}],"wp:term":[{"taxonomy":"category","embeddable":true,"href":"https:\/\/archivosonoro.com.ar\/wordpress\/index.php?rest_route=%2Fwp%2Fv2%2Fcategories&post=1665"},{"taxonomy":"post_tag","embeddable":true,"href":"https:\/\/archivosonoro.com.ar\/wordpress\/index.php?rest_route=%2Fwp%2Fv2%2Ftags&post=1665"}],"curies":[{"name":"wp","href":"https:\/\/api.w.org\/{rel}","templated":true}]}}