{"id":16120,"date":"2024-03-13T13:16:19","date_gmt":"2024-03-13T16:16:19","guid":{"rendered":"https:\/\/archivosonoro.com.ar\/wordpress\/?p=16120"},"modified":"2024-03-25T13:24:52","modified_gmt":"2024-03-25T16:24:52","slug":"2024-03-12-montes-l-pta-ipv-fmlaisla","status":"publish","type":"post","link":"https:\/\/archivosonoro.com.ar\/wordpress\/?p=16120","title":{"rendered":"2024-03-12 Montes L-Pta.IPV-FMLaIsla-"},"content":{"rendered":"\n<iframe src=\"https:\/\/www.ivoox.com\/player_ej_126444664_6_1.html?c1=0c4b69\" width=\"100%\" height=\"200\" frameborder=\"0\" allowfullscreen=\"\" scrolling=\"no\" loading=\"lazy\"><\/iframe>\n\n\n\n<p>La presidenta del IPVyH Laura Montes di\u00e1log\u00f3 sobre c\u00f3mo atraviesan la actual situaci\u00f3n nacional,y lo que que implica poner en pausa toda la proyecci\u00f3n, inversiones y las soluciones habitacionales.<br>Fte:FMLaIsla-ActivaTDF-<\/p>\n","protected":false},"excerpt":{"rendered":"<p>La presidenta del IPVyH Laura Montes di\u00e1log\u00f3 sobre c\u00f3mo atraviesan la actual situaci\u00f3n nacional,y lo que que implica poner en pausa toda la proyecci\u00f3n, inversiones y las soluciones habitacionales.Fte:FMLaIsla-ActivaTDF-<\/p>\n","protected":false},"author":7,"featured_media":0,"comment_status":"closed","ping_status":"closed","sticky":false,"template":"","format":"standard","meta":{"footnotes":""},"categories":[2499,544],"tags":[],"class_list":["post-16120","post","type-post","status-publish","format-standard","hentry","category-actualidad","category-fm-la-isla"],"_links":{"self":[{"href":"https:\/\/archivosonoro.com.ar\/wordpress\/index.php?rest_route=\/wp\/v2\/posts\/16120","targetHints":{"allow":["GET"]}}],"collection":[{"href":"https:\/\/archivosonoro.com.ar\/wordpress\/index.php?rest_route=\/wp\/v2\/posts"}],"about":[{"href":"https:\/\/archivosonoro.com.ar\/wordpress\/index.php?rest_route=\/wp\/v2\/types\/post"}],"author":[{"embeddable":true,"href":"https:\/\/archivosonoro.com.ar\/wordpress\/index.php?rest_route=\/wp\/v2\/users\/7"}],"replies":[{"embeddable":true,"href":"https:\/\/archivosonoro.com.ar\/wordpress\/index.php?rest_route=%2Fwp%2Fv2%2Fcomments&post=16120"}],"version-history":[{"count":1,"href":"https:\/\/archivosonoro.com.ar\/wordpress\/index.php?rest_route=\/wp\/v2\/posts\/16120\/revisions"}],"predecessor-version":[{"id":16130,"href":"https:\/\/archivosonoro.com.ar\/wordpress\/index.php?rest_route=\/wp\/v2\/posts\/16120\/revisions\/16130"}],"wp:attachment":[{"href":"https:\/\/archivosonoro.com.ar\/wordpress\/index.php?rest_route=%2Fwp%2Fv2%2Fmedia&parent=16120"}],"wp:term":[{"taxonomy":"category","embeddable":true,"href":"https:\/\/archivosonoro.com.ar\/wordpress\/index.php?rest_route=%2Fwp%2Fv2%2Fcategories&post=16120"},{"taxonomy":"post_tag","embeddable":true,"href":"https:\/\/archivosonoro.com.ar\/wordpress\/index.php?rest_route=%2Fwp%2Fv2%2Ftags&post=16120"}],"curies":[{"name":"wp","href":"https:\/\/api.w.org\/{rel}","templated":true}]}}