{"id":16021,"date":"2023-08-24T16:58:38","date_gmt":"2023-08-24T19:58:38","guid":{"rendered":"https:\/\/archivosonoro.com.ar\/wordpress\/?p=16021"},"modified":"2023-08-30T17:43:20","modified_gmt":"2023-08-30T20:43:20","slug":"leonardo-gorbaz-los-discursos-publicos-en-vez-de-ayudarnos-a-pensar-buscan-que-la-gente-se-enoje-23-08-2023","status":"publish","type":"post","link":"https:\/\/archivosonoro.com.ar\/wordpress\/?p=16021","title":{"rendered":"Leonardo Gorbaz, Lic. Psicolog\u00eda: \u00abLos discursos p\u00fablicos en vez de ayudarnos a pensar buscan que la gente se enoje\u201d &#8211; 23\/08\/2023"},"content":{"rendered":"\n<p>Luego de la nota publicada en diario La Naci\u00f3n, el licenciado fue consultado sobre su opini\u00f3n. En un tramo de ellas aclar\u00f3: \u201cla primera sensaci\u00f3n que uno tiene, es que en algunas cosas o por lo menos en lo que respecta a la salud mental, pasamos de no hablarlo o de invisibilizar los temas a exponerlos de una manera exagerada y ambas cosas son un problema, porque si uno tiene un problema, como objetivamente tenemos con la salud mental, no lo va a poder resolver si no lo habla y discute pero tampoco lo va a resolver si lo exagera, si lo exacerba y saca conclusiones equivocadas con un tono fatalista\u201d<\/p>\n\n\n\n<iframe src=\"https:\/\/www.ivoox.com\/player_ej_115198090_6_1.html?c1=0c4b69\" width=\"100%\" height=\"200\" frameborder=\"0\" allowfullscreen=\"\" scrolling=\"no\" loading=\"lazy\"><\/iframe>\n\n\n\n<p>Fuente: FM Masters<\/p>\n","protected":false},"excerpt":{"rendered":"<p>Luego de la nota publicada en diario La Naci\u00f3n, el licenciado fue consultado sobre su opini\u00f3n. En un tramo de ellas aclar\u00f3: \u201cla primera sensaci\u00f3n que uno tiene, es que en algunas cosas o por lo menos en lo que respecta a la salud mental, pasamos de no hablarlo o de invisibilizar los temas a [&hellip;]<\/p>\n","protected":false},"author":7,"featured_media":0,"comment_status":"closed","ping_status":"closed","sticky":false,"template":"","format":"standard","meta":{"footnotes":""},"categories":[2499,228],"tags":[],"class_list":["post-16021","post","type-post","status-publish","format-standard","hentry","category-actualidad","category-fm-masters"],"_links":{"self":[{"href":"https:\/\/archivosonoro.com.ar\/wordpress\/index.php?rest_route=\/wp\/v2\/posts\/16021","targetHints":{"allow":["GET"]}}],"collection":[{"href":"https:\/\/archivosonoro.com.ar\/wordpress\/index.php?rest_route=\/wp\/v2\/posts"}],"about":[{"href":"https:\/\/archivosonoro.com.ar\/wordpress\/index.php?rest_route=\/wp\/v2\/types\/post"}],"author":[{"embeddable":true,"href":"https:\/\/archivosonoro.com.ar\/wordpress\/index.php?rest_route=\/wp\/v2\/users\/7"}],"replies":[{"embeddable":true,"href":"https:\/\/archivosonoro.com.ar\/wordpress\/index.php?rest_route=%2Fwp%2Fv2%2Fcomments&post=16021"}],"version-history":[{"count":2,"href":"https:\/\/archivosonoro.com.ar\/wordpress\/index.php?rest_route=\/wp\/v2\/posts\/16021\/revisions"}],"predecessor-version":[{"id":16034,"href":"https:\/\/archivosonoro.com.ar\/wordpress\/index.php?rest_route=\/wp\/v2\/posts\/16021\/revisions\/16034"}],"wp:attachment":[{"href":"https:\/\/archivosonoro.com.ar\/wordpress\/index.php?rest_route=%2Fwp%2Fv2%2Fmedia&parent=16021"}],"wp:term":[{"taxonomy":"category","embeddable":true,"href":"https:\/\/archivosonoro.com.ar\/wordpress\/index.php?rest_route=%2Fwp%2Fv2%2Fcategories&post=16021"},{"taxonomy":"post_tag","embeddable":true,"href":"https:\/\/archivosonoro.com.ar\/wordpress\/index.php?rest_route=%2Fwp%2Fv2%2Ftags&post=16021"}],"curies":[{"name":"wp","href":"https:\/\/api.w.org\/{rel}","templated":true}]}}