{"id":16019,"date":"2023-08-18T16:58:37","date_gmt":"2023-08-18T19:58:37","guid":{"rendered":"https:\/\/archivosonoro.com.ar\/wordpress\/?p=16019"},"modified":"2023-08-30T17:38:48","modified_gmt":"2023-08-30T20:38:48","slug":"analia-cubino-mtra-educacion-si-hay-una-gestion-que-ha-trabajado-para-igualar-la-educacion-y-regularizar-la-situacion-que-venian-padeciendo-es-esta-17-08-2023","status":"publish","type":"post","link":"https:\/\/archivosonoro.com.ar\/wordpress\/?p=16019","title":{"rendered":"Anal\u00eda Cubino, Mtra. Educaci\u00f3n: \u201cSi hay una gesti\u00f3n que ha trabajado para igualar la educaci\u00f3n y regularizar la situaci\u00f3n que ven\u00edan padeciendo es \u00e9sta\u00bb &#8211; 17\/08\/2023"},"content":{"rendered":"\n<p>En declaraciones a FM La Isla, la Ministra de Educaci\u00f3n de la Provincia de Tierra del Fuego, DI. Anal\u00eda Cubino, desminti\u00f3 los rumores sobre su alejamiento de la gesti\u00f3n y habl\u00f3 sobre el reclamo de los docentes de escuelas privadas por el refuerzo de material did\u00e1ctico, \u00edtem destinado a los docentes del sector p\u00fablico.<\/p>\n\n\n\n<iframe src=\"https:\/\/www.ivoox.com\/player_ej_115197994_6_1.html?c1=0c4b69\" width=\"100%\" height=\"200\" frameborder=\"0\" allowfullscreen=\"\" scrolling=\"no\" loading=\"lazy\"><\/iframe>\n\n\n\n<p>Fuente: FM La Isla<\/p>\n","protected":false},"excerpt":{"rendered":"<p>En declaraciones a FM La Isla, la Ministra de Educaci\u00f3n de la Provincia de Tierra del Fuego, DI. Anal\u00eda Cubino, desminti\u00f3 los rumores sobre su alejamiento de la gesti\u00f3n y habl\u00f3 sobre el reclamo de los docentes de escuelas privadas por el refuerzo de material did\u00e1ctico, \u00edtem destinado a los docentes del sector p\u00fablico. Fuente: [&hellip;]<\/p>\n","protected":false},"author":7,"featured_media":0,"comment_status":"closed","ping_status":"closed","sticky":false,"template":"","format":"standard","meta":{"footnotes":""},"categories":[2499,544],"tags":[],"class_list":["post-16019","post","type-post","status-publish","format-standard","hentry","category-actualidad","category-fm-la-isla"],"_links":{"self":[{"href":"https:\/\/archivosonoro.com.ar\/wordpress\/index.php?rest_route=\/wp\/v2\/posts\/16019","targetHints":{"allow":["GET"]}}],"collection":[{"href":"https:\/\/archivosonoro.com.ar\/wordpress\/index.php?rest_route=\/wp\/v2\/posts"}],"about":[{"href":"https:\/\/archivosonoro.com.ar\/wordpress\/index.php?rest_route=\/wp\/v2\/types\/post"}],"author":[{"embeddable":true,"href":"https:\/\/archivosonoro.com.ar\/wordpress\/index.php?rest_route=\/wp\/v2\/users\/7"}],"replies":[{"embeddable":true,"href":"https:\/\/archivosonoro.com.ar\/wordpress\/index.php?rest_route=%2Fwp%2Fv2%2Fcomments&post=16019"}],"version-history":[{"count":1,"href":"https:\/\/archivosonoro.com.ar\/wordpress\/index.php?rest_route=\/wp\/v2\/posts\/16019\/revisions"}],"predecessor-version":[{"id":16031,"href":"https:\/\/archivosonoro.com.ar\/wordpress\/index.php?rest_route=\/wp\/v2\/posts\/16019\/revisions\/16031"}],"wp:attachment":[{"href":"https:\/\/archivosonoro.com.ar\/wordpress\/index.php?rest_route=%2Fwp%2Fv2%2Fmedia&parent=16019"}],"wp:term":[{"taxonomy":"category","embeddable":true,"href":"https:\/\/archivosonoro.com.ar\/wordpress\/index.php?rest_route=%2Fwp%2Fv2%2Fcategories&post=16019"},{"taxonomy":"post_tag","embeddable":true,"href":"https:\/\/archivosonoro.com.ar\/wordpress\/index.php?rest_route=%2Fwp%2Fv2%2Ftags&post=16019"}],"curies":[{"name":"wp","href":"https:\/\/api.w.org\/{rel}","templated":true}]}}