{"id":15967,"date":"2023-05-09T09:47:37","date_gmt":"2023-05-09T12:47:37","guid":{"rendered":"https:\/\/archivosonoro.com.ar\/wordpress\/?p=15967"},"modified":"2023-05-20T09:52:12","modified_gmt":"2023-05-20T12:52:12","slug":"liliana-martinez-allende-leg-jxc-8-5-2023","status":"publish","type":"post","link":"https:\/\/archivosonoro.com.ar\/wordpress\/?p=15967","title":{"rendered":"Liliana Martinez Allende, Leg. JxC &#8211; 8\/5\/2023"},"content":{"rendered":"\n<p>\u201cA Von der Thusen le recomiendo que trabaje en los 6 meses que le quedan para regularizar la situaci\u00f3n de las familias que no tienen luz, gas, n\u00famero de casa y dem\u00e1s en R\u00edo Grande. Preoc\u00fapense por lo que hacen ahora, por el cargo que ocupan, no por lo que podr\u00edan hacer si son electos\u201d.<\/p>\n\n\n\n<iframe src=\"https:\/\/www.ivoox.com\/player_ej_108618755_6_1.html?c1=0c4b69\" width=\"100%\" height=\"200\" frameborder=\"0\" allowfullscreen=\"\" scrolling=\"no\" loading=\"lazy\"><\/iframe>\n\n\n\n<p>Fuente: RNU<\/p>\n","protected":false},"excerpt":{"rendered":"<p>\u201cA Von der Thusen le recomiendo que trabaje en los 6 meses que le quedan para regularizar la situaci\u00f3n de las familias que no tienen luz, gas, n\u00famero de casa y dem\u00e1s en R\u00edo Grande. Preoc\u00fapense por lo que hacen ahora, por el cargo que ocupan, no por lo que podr\u00edan hacer si son electos\u201d. [&hellip;]<\/p>\n","protected":false},"author":7,"featured_media":0,"comment_status":"closed","ping_status":"closed","sticky":false,"template":"","format":"standard","meta":{"footnotes":""},"categories":[2499,12],"tags":[],"class_list":["post-15967","post","type-post","status-publish","format-standard","hentry","category-actualidad","category-rnu"],"_links":{"self":[{"href":"https:\/\/archivosonoro.com.ar\/wordpress\/index.php?rest_route=\/wp\/v2\/posts\/15967","targetHints":{"allow":["GET"]}}],"collection":[{"href":"https:\/\/archivosonoro.com.ar\/wordpress\/index.php?rest_route=\/wp\/v2\/posts"}],"about":[{"href":"https:\/\/archivosonoro.com.ar\/wordpress\/index.php?rest_route=\/wp\/v2\/types\/post"}],"author":[{"embeddable":true,"href":"https:\/\/archivosonoro.com.ar\/wordpress\/index.php?rest_route=\/wp\/v2\/users\/7"}],"replies":[{"embeddable":true,"href":"https:\/\/archivosonoro.com.ar\/wordpress\/index.php?rest_route=%2Fwp%2Fv2%2Fcomments&post=15967"}],"version-history":[{"count":1,"href":"https:\/\/archivosonoro.com.ar\/wordpress\/index.php?rest_route=\/wp\/v2\/posts\/15967\/revisions"}],"predecessor-version":[{"id":15970,"href":"https:\/\/archivosonoro.com.ar\/wordpress\/index.php?rest_route=\/wp\/v2\/posts\/15967\/revisions\/15970"}],"wp:attachment":[{"href":"https:\/\/archivosonoro.com.ar\/wordpress\/index.php?rest_route=%2Fwp%2Fv2%2Fmedia&parent=15967"}],"wp:term":[{"taxonomy":"category","embeddable":true,"href":"https:\/\/archivosonoro.com.ar\/wordpress\/index.php?rest_route=%2Fwp%2Fv2%2Fcategories&post=15967"},{"taxonomy":"post_tag","embeddable":true,"href":"https:\/\/archivosonoro.com.ar\/wordpress\/index.php?rest_route=%2Fwp%2Fv2%2Ftags&post=15967"}],"curies":[{"name":"wp","href":"https:\/\/api.w.org\/{rel}","templated":true}]}}