{"id":15927,"date":"2023-03-31T23:17:00","date_gmt":"2023-04-01T02:17:00","guid":{"rendered":"https:\/\/archivosonoro.com.ar\/wordpress\/?p=15927"},"modified":"2023-04-05T17:22:24","modified_gmt":"2023-04-05T20:22:24","slug":"daniel-nicolai-ex-cand-intendente-de-tolhuin-31-03-2023","status":"publish","type":"post","link":"https:\/\/archivosonoro.com.ar\/wordpress\/?p=15927","title":{"rendered":"Daniel Nicolai, Ex Cand. Intendente de Tolhuin &#8211; 31\/03\/2023"},"content":{"rendered":"\n<p>Daniel Nicolai, fue entrevistado por FM del Pueblo donde denunci\u00f3 p\u00fablicamente un arreglo entre el ex intendente de Tolhuin, Claudio Queno, y el candidato a Gobernador por el PRO, Hector \u201cTito\u201d Stefani. El sorprendente arreglo entre dos fuerzas pol\u00edticas diametralmente opuestas contemplar\u00eda el apoyo para la elecci\u00f3n de Queno en Tolhuin.<\/p>\n\n\n\n<iframe src=\"https:\/\/www.ivoox.com\/player_ej_105860529_6_1.html?c1=0c4b69\" width=\"100%\" height=\"200\" frameborder=\"0\" allowfullscreen=\"\" scrolling=\"no\" loading=\"lazy\"><\/iframe>\n\n\n\n<p><strong>Fuente: <\/strong>FM Del Pueblo. La contratapa.<\/p>\n","protected":false},"excerpt":{"rendered":"<p>Daniel Nicolai, fue entrevistado por FM del Pueblo donde denunci\u00f3 p\u00fablicamente un arreglo entre el ex intendente de Tolhuin, Claudio Queno, y el candidato a Gobernador por el PRO, Hector \u201cTito\u201d Stefani. El sorprendente arreglo entre dos fuerzas pol\u00edticas diametralmente opuestas contemplar\u00eda el apoyo para la elecci\u00f3n de Queno en Tolhuin. Fuente: FM Del Pueblo. [&hellip;]<\/p>\n","protected":false},"author":7,"featured_media":0,"comment_status":"closed","ping_status":"closed","sticky":false,"template":"","format":"standard","meta":{"footnotes":""},"categories":[2499,1144],"tags":[],"class_list":["post-15927","post","type-post","status-publish","format-standard","hentry","category-actualidad","category-fm-del-pueblo"],"_links":{"self":[{"href":"https:\/\/archivosonoro.com.ar\/wordpress\/index.php?rest_route=\/wp\/v2\/posts\/15927","targetHints":{"allow":["GET"]}}],"collection":[{"href":"https:\/\/archivosonoro.com.ar\/wordpress\/index.php?rest_route=\/wp\/v2\/posts"}],"about":[{"href":"https:\/\/archivosonoro.com.ar\/wordpress\/index.php?rest_route=\/wp\/v2\/types\/post"}],"author":[{"embeddable":true,"href":"https:\/\/archivosonoro.com.ar\/wordpress\/index.php?rest_route=\/wp\/v2\/users\/7"}],"replies":[{"embeddable":true,"href":"https:\/\/archivosonoro.com.ar\/wordpress\/index.php?rest_route=%2Fwp%2Fv2%2Fcomments&post=15927"}],"version-history":[{"count":1,"href":"https:\/\/archivosonoro.com.ar\/wordpress\/index.php?rest_route=\/wp\/v2\/posts\/15927\/revisions"}],"predecessor-version":[{"id":15928,"href":"https:\/\/archivosonoro.com.ar\/wordpress\/index.php?rest_route=\/wp\/v2\/posts\/15927\/revisions\/15928"}],"wp:attachment":[{"href":"https:\/\/archivosonoro.com.ar\/wordpress\/index.php?rest_route=%2Fwp%2Fv2%2Fmedia&parent=15927"}],"wp:term":[{"taxonomy":"category","embeddable":true,"href":"https:\/\/archivosonoro.com.ar\/wordpress\/index.php?rest_route=%2Fwp%2Fv2%2Fcategories&post=15927"},{"taxonomy":"post_tag","embeddable":true,"href":"https:\/\/archivosonoro.com.ar\/wordpress\/index.php?rest_route=%2Fwp%2Fv2%2Ftags&post=15927"}],"curies":[{"name":"wp","href":"https:\/\/api.w.org\/{rel}","templated":true}]}}