{"id":15909,"date":"2023-02-08T21:07:00","date_gmt":"2023-02-09T00:07:00","guid":{"rendered":"https:\/\/archivosonoro.com.ar\/wordpress\/?p=15909"},"modified":"2023-02-27T21:25:31","modified_gmt":"2023-02-28T00:25:31","slug":"se-instalaran-las-estatuas-restauradas-de-soldados-en-la-nueva-plaza-civica-de-rio-grande","status":"publish","type":"post","link":"https:\/\/archivosonoro.com.ar\/wordpress\/?p=15909","title":{"rendered":"Se instalaran las estatuas restauradas de soldados en la nueva plaza c\u00edvica de R\u00edo Grande"},"content":{"rendered":"\n<p><strong>M\u00f3naco S, Secretaria Planif. Inversi\u00f3n y Serv. P\u00fabl. de la Municipalidad de R\u00edo Grande<\/strong><\/p>\n\n\n\n<p>2023.02.07 &#8211; Entrevista en FM Aire Libre.<\/p>\n\n\n\n<iframe src=\"https:\/\/www.ivoox.com\/player_ej_103750733_6_1.html?c1=0c4b69\" width=\"100%\" height=\"200\" frameborder=\"0\" allowfullscreen=\"\" scrolling=\"no\" loading=\"lazy\"><\/iframe>\n","protected":false},"excerpt":{"rendered":"<p>M\u00f3naco S, Secretaria Planif. Inversi\u00f3n y Serv. P\u00fabl. de la Municipalidad de R\u00edo Grande 2023.02.07 &#8211; Entrevista en FM Aire Libre.<\/p>\n","protected":false},"author":7,"featured_media":0,"comment_status":"closed","ping_status":"closed","sticky":false,"template":"","format":"standard","meta":{"footnotes":""},"categories":[2499,45],"tags":[],"class_list":["post-15909","post","type-post","status-publish","format-standard","hentry","category-actualidad","category-fm-aire-libre"],"_links":{"self":[{"href":"https:\/\/archivosonoro.com.ar\/wordpress\/index.php?rest_route=\/wp\/v2\/posts\/15909","targetHints":{"allow":["GET"]}}],"collection":[{"href":"https:\/\/archivosonoro.com.ar\/wordpress\/index.php?rest_route=\/wp\/v2\/posts"}],"about":[{"href":"https:\/\/archivosonoro.com.ar\/wordpress\/index.php?rest_route=\/wp\/v2\/types\/post"}],"author":[{"embeddable":true,"href":"https:\/\/archivosonoro.com.ar\/wordpress\/index.php?rest_route=\/wp\/v2\/users\/7"}],"replies":[{"embeddable":true,"href":"https:\/\/archivosonoro.com.ar\/wordpress\/index.php?rest_route=%2Fwp%2Fv2%2Fcomments&post=15909"}],"version-history":[{"count":1,"href":"https:\/\/archivosonoro.com.ar\/wordpress\/index.php?rest_route=\/wp\/v2\/posts\/15909\/revisions"}],"predecessor-version":[{"id":15919,"href":"https:\/\/archivosonoro.com.ar\/wordpress\/index.php?rest_route=\/wp\/v2\/posts\/15909\/revisions\/15919"}],"wp:attachment":[{"href":"https:\/\/archivosonoro.com.ar\/wordpress\/index.php?rest_route=%2Fwp%2Fv2%2Fmedia&parent=15909"}],"wp:term":[{"taxonomy":"category","embeddable":true,"href":"https:\/\/archivosonoro.com.ar\/wordpress\/index.php?rest_route=%2Fwp%2Fv2%2Fcategories&post=15909"},{"taxonomy":"post_tag","embeddable":true,"href":"https:\/\/archivosonoro.com.ar\/wordpress\/index.php?rest_route=%2Fwp%2Fv2%2Ftags&post=15909"}],"curies":[{"name":"wp","href":"https:\/\/api.w.org\/{rel}","templated":true}]}}