{"id":15844,"date":"2022-11-04T19:59:00","date_gmt":"2022-11-04T22:59:00","guid":{"rendered":"https:\/\/archivosonoro.com.ar\/wordpress\/?p=15844"},"modified":"2022-12-06T20:12:10","modified_gmt":"2022-12-06T23:12:10","slug":"2022-11-03-federico-frigerio","status":"publish","type":"post","link":"https:\/\/archivosonoro.com.ar\/wordpress\/?p=15844","title":{"rendered":"2022-11-03 Federico Frigerio"},"content":{"rendered":"\n<p>\u201cCon un nivel de irresponsabilidad alt\u00edsimo, los 15 legisladores, sin representar al pueblo que los puso ah\u00ed, acompa\u00f1aron un\u00e1nimemente, como acompa\u00f1an a este gobierno provincial desde que comenzaron. Yo hablo del gobernador y todos los legisladores. Los dos legisladores radicales no est\u00e1n a la altura de las circunstancias y de la representatividad que juntos por el cambio est\u00e1 exigiendo\u00bb<br>Fte:FMMters-<\/p>\n\n\n\n<iframe src=\"https:\/\/www.ivoox.com\/player_ej_98200632_6_1.html?c1=0c4b69\" width=\"100%\" height=\"200\" frameborder=\"0\" allowfullscreen=\"\" scrolling=\"no\" loading=\"lazy\"><\/iframe>\n","protected":false},"excerpt":{"rendered":"<p>\u201cCon un nivel de irresponsabilidad alt\u00edsimo, los 15 legisladores, sin representar al pueblo que los puso ah\u00ed, acompa\u00f1aron un\u00e1nimemente, como acompa\u00f1an a este gobierno provincial desde que comenzaron. Yo hablo del gobernador y todos los legisladores. Los dos legisladores radicales no est\u00e1n a la altura de las circunstancias y de la representatividad que juntos por [&hellip;]<\/p>\n","protected":false},"author":7,"featured_media":0,"comment_status":"closed","ping_status":"closed","sticky":false,"template":"","format":"standard","meta":{"footnotes":""},"categories":[2499],"tags":[],"class_list":["post-15844","post","type-post","status-publish","format-standard","hentry","category-actualidad"],"_links":{"self":[{"href":"https:\/\/archivosonoro.com.ar\/wordpress\/index.php?rest_route=\/wp\/v2\/posts\/15844","targetHints":{"allow":["GET"]}}],"collection":[{"href":"https:\/\/archivosonoro.com.ar\/wordpress\/index.php?rest_route=\/wp\/v2\/posts"}],"about":[{"href":"https:\/\/archivosonoro.com.ar\/wordpress\/index.php?rest_route=\/wp\/v2\/types\/post"}],"author":[{"embeddable":true,"href":"https:\/\/archivosonoro.com.ar\/wordpress\/index.php?rest_route=\/wp\/v2\/users\/7"}],"replies":[{"embeddable":true,"href":"https:\/\/archivosonoro.com.ar\/wordpress\/index.php?rest_route=%2Fwp%2Fv2%2Fcomments&post=15844"}],"version-history":[{"count":1,"href":"https:\/\/archivosonoro.com.ar\/wordpress\/index.php?rest_route=\/wp\/v2\/posts\/15844\/revisions"}],"predecessor-version":[{"id":15849,"href":"https:\/\/archivosonoro.com.ar\/wordpress\/index.php?rest_route=\/wp\/v2\/posts\/15844\/revisions\/15849"}],"wp:attachment":[{"href":"https:\/\/archivosonoro.com.ar\/wordpress\/index.php?rest_route=%2Fwp%2Fv2%2Fmedia&parent=15844"}],"wp:term":[{"taxonomy":"category","embeddable":true,"href":"https:\/\/archivosonoro.com.ar\/wordpress\/index.php?rest_route=%2Fwp%2Fv2%2Fcategories&post=15844"},{"taxonomy":"post_tag","embeddable":true,"href":"https:\/\/archivosonoro.com.ar\/wordpress\/index.php?rest_route=%2Fwp%2Fv2%2Ftags&post=15844"}],"curies":[{"name":"wp","href":"https:\/\/api.w.org\/{rel}","templated":true}]}}