{"id":15840,"date":"2022-11-16T19:57:00","date_gmt":"2022-11-16T22:57:00","guid":{"rendered":"https:\/\/archivosonoro.com.ar\/wordpress\/?p=15840"},"modified":"2022-12-06T20:13:42","modified_gmt":"2022-12-06T23:13:42","slug":"2022-11-15-mora-laly-cjal-forja","status":"publish","type":"post","link":"https:\/\/archivosonoro.com.ar\/wordpress\/?p=15840","title":{"rendered":"2022-11-15 Mora Laly-Cjal.Forja"},"content":{"rendered":"\n<p>\u201cPrimero tenemos que empezar a ubicar los \u2018pinitos\u2019 en su lugar, realmente creo que si est\u00e1n hablando de peronismo, si hacen la convocatoria de sumar al peronismo, hay que empezar por no excluir, esto de decir que \u2018Laly\u2019 Mora es de Forja, o defiende al Forja o lleg\u00f3 por el Forja, Pino tampoco est\u00e1 dentro de las autoridades partidarias que representan al partido, pero si \u00e9l quiere hacer un llamado de conciencia y de unidad, la manera es llamando y no empezando a excluir porque tampoco Pino tiene esa autoridad, puede hacer declaraciones, pero le est\u00e1 faltando un poquito m\u00e1s de humildad, mirando siempre a quienes se dicen dirigentes o conductores de un espacio pol\u00edtico tan importante y tan noble como lo es el partido peronista o el partido justicialista a nivel nacional\u201d<br>Fuente:FMLaTecno-Universidad-<\/p>\n\n\n\n<iframe src=\"https:\/\/www.ivoox.com\/player_ej_98207486_6_1.html?c1=0c4b69\" width=\"100%\" height=\"200\" frameborder=\"0\" allowfullscreen=\"\" scrolling=\"no\" loading=\"lazy\"><\/iframe>\n","protected":false},"excerpt":{"rendered":"<p>\u201cPrimero tenemos que empezar a ubicar los \u2018pinitos\u2019 en su lugar, realmente creo que si est\u00e1n hablando de peronismo, si hacen la convocatoria de sumar al peronismo, hay que empezar por no excluir, esto de decir que \u2018Laly\u2019 Mora es de Forja, o defiende al Forja o lleg\u00f3 por el Forja, Pino tampoco est\u00e1 dentro [&hellip;]<\/p>\n","protected":false},"author":7,"featured_media":0,"comment_status":"closed","ping_status":"closed","sticky":false,"template":"","format":"standard","meta":{"footnotes":""},"categories":[2499],"tags":[],"class_list":["post-15840","post","type-post","status-publish","format-standard","hentry","category-actualidad"],"_links":{"self":[{"href":"https:\/\/archivosonoro.com.ar\/wordpress\/index.php?rest_route=\/wp\/v2\/posts\/15840","targetHints":{"allow":["GET"]}}],"collection":[{"href":"https:\/\/archivosonoro.com.ar\/wordpress\/index.php?rest_route=\/wp\/v2\/posts"}],"about":[{"href":"https:\/\/archivosonoro.com.ar\/wordpress\/index.php?rest_route=\/wp\/v2\/types\/post"}],"author":[{"embeddable":true,"href":"https:\/\/archivosonoro.com.ar\/wordpress\/index.php?rest_route=\/wp\/v2\/users\/7"}],"replies":[{"embeddable":true,"href":"https:\/\/archivosonoro.com.ar\/wordpress\/index.php?rest_route=%2Fwp%2Fv2%2Fcomments&post=15840"}],"version-history":[{"count":2,"href":"https:\/\/archivosonoro.com.ar\/wordpress\/index.php?rest_route=\/wp\/v2\/posts\/15840\/revisions"}],"predecessor-version":[{"id":15859,"href":"https:\/\/archivosonoro.com.ar\/wordpress\/index.php?rest_route=\/wp\/v2\/posts\/15840\/revisions\/15859"}],"wp:attachment":[{"href":"https:\/\/archivosonoro.com.ar\/wordpress\/index.php?rest_route=%2Fwp%2Fv2%2Fmedia&parent=15840"}],"wp:term":[{"taxonomy":"category","embeddable":true,"href":"https:\/\/archivosonoro.com.ar\/wordpress\/index.php?rest_route=%2Fwp%2Fv2%2Fcategories&post=15840"},{"taxonomy":"post_tag","embeddable":true,"href":"https:\/\/archivosonoro.com.ar\/wordpress\/index.php?rest_route=%2Fwp%2Fv2%2Ftags&post=15840"}],"curies":[{"name":"wp","href":"https:\/\/api.w.org\/{rel}","templated":true}]}}