{"id":15815,"date":"2022-09-18T19:43:00","date_gmt":"2022-09-18T22:43:00","guid":{"rendered":"https:\/\/archivosonoro.com.ar\/wordpress\/?p=15815"},"modified":"2022-10-16T19:44:00","modified_gmt":"2022-10-16T22:44:00","slug":"2022-09-17-aliverti-e-edit-marca-de-radio-01-lared","status":"publish","type":"post","link":"https:\/\/archivosonoro.com.ar\/wordpress\/?p=15815","title":{"rendered":"2022-09-17 Aliverti E-Edit-Marca de Radio-01-LaRed-"},"content":{"rendered":"\n<p>Aliverti E-Editorial Marca de Radio-La Red-<br>El odio no se arregla con un C\u00f3digo Penal<br>No existen soluciones m\u00e1gicas, ni proyectos de ley absolutamente inviables, para enfrentar la escalada de odio y violencia desatada por la derecha. Mejor ser\u00eda que, con todas sus contradicciones y errores, el Frente de Todos se dedicara a reentusiasmar a los desencantados con medidas ligadas a las urgencias populares.<br>Entrar en el palo por palo con la derecha, acerca de qui\u00e9n es m\u00e1s potente para elevar la voz contra or\u00edgenes e implementaci\u00f3n del odio, no hace m\u00e1s que banalizar al odio mismo.<br>Si pretende superarse el marco de demandas tribuneras, hay que hacer pol\u00edtica. No poes\u00eda declamatoria.<\/p>\n\n\n\n<iframe src=\"https:\/\/www.ivoox.com\/player_ej_94097184_6_1.html?c1=0c4b69\" width=\"100%\" height=\"200\" frameborder=\"0\" allowfullscreen=\"\" scrolling=\"no\" loading=\"lazy\"><\/iframe>\n","protected":false},"excerpt":{"rendered":"<p>Aliverti E-Editorial Marca de Radio-La Red-El odio no se arregla con un C\u00f3digo PenalNo existen soluciones m\u00e1gicas, ni proyectos de ley absolutamente inviables, para enfrentar la escalada de odio y violencia desatada por la derecha. Mejor ser\u00eda que, con todas sus contradicciones y errores, el Frente de Todos se dedicara a reentusiasmar a los desencantados [&hellip;]<\/p>\n","protected":false},"author":7,"featured_media":0,"comment_status":"closed","ping_status":"closed","sticky":false,"template":"","format":"standard","meta":{"footnotes":""},"categories":[2499,963],"tags":[],"class_list":["post-15815","post","type-post","status-publish","format-standard","hentry","category-actualidad","category-la-red"],"_links":{"self":[{"href":"https:\/\/archivosonoro.com.ar\/wordpress\/index.php?rest_route=\/wp\/v2\/posts\/15815","targetHints":{"allow":["GET"]}}],"collection":[{"href":"https:\/\/archivosonoro.com.ar\/wordpress\/index.php?rest_route=\/wp\/v2\/posts"}],"about":[{"href":"https:\/\/archivosonoro.com.ar\/wordpress\/index.php?rest_route=\/wp\/v2\/types\/post"}],"author":[{"embeddable":true,"href":"https:\/\/archivosonoro.com.ar\/wordpress\/index.php?rest_route=\/wp\/v2\/users\/7"}],"replies":[{"embeddable":true,"href":"https:\/\/archivosonoro.com.ar\/wordpress\/index.php?rest_route=%2Fwp%2Fv2%2Fcomments&post=15815"}],"version-history":[{"count":1,"href":"https:\/\/archivosonoro.com.ar\/wordpress\/index.php?rest_route=\/wp\/v2\/posts\/15815\/revisions"}],"predecessor-version":[{"id":15816,"href":"https:\/\/archivosonoro.com.ar\/wordpress\/index.php?rest_route=\/wp\/v2\/posts\/15815\/revisions\/15816"}],"wp:attachment":[{"href":"https:\/\/archivosonoro.com.ar\/wordpress\/index.php?rest_route=%2Fwp%2Fv2%2Fmedia&parent=15815"}],"wp:term":[{"taxonomy":"category","embeddable":true,"href":"https:\/\/archivosonoro.com.ar\/wordpress\/index.php?rest_route=%2Fwp%2Fv2%2Fcategories&post=15815"},{"taxonomy":"post_tag","embeddable":true,"href":"https:\/\/archivosonoro.com.ar\/wordpress\/index.php?rest_route=%2Fwp%2Fv2%2Ftags&post=15815"}],"curies":[{"name":"wp","href":"https:\/\/api.w.org\/{rel}","templated":true}]}}