{"id":15806,"date":"2022-09-11T19:40:00","date_gmt":"2022-09-11T22:40:00","guid":{"rendered":"https:\/\/archivosonoro.com.ar\/wordpress\/?p=15806"},"modified":"2022-10-16T19:40:50","modified_gmt":"2022-10-16T22:40:50","slug":"2022-09-10-manes-f-dip-ucr-fmairelibre","status":"publish","type":"post","link":"https:\/\/archivosonoro.com.ar\/wordpress\/?p=15806","title":{"rendered":"2022-09-10 Manes F-Dip. ucr-FMAireLibre"},"content":{"rendered":"\n<p>Manes Facundo-FM AIRE LIBRE-\u201cBuscamos construir un pa\u00eds en el que todos nos podamos sentir parte de un mismo proyecto\u201d<br>El diputado Manes pas\u00f3 por TDF, con su gira \u201cEmpat\u00eda\u201d<br>visit\u00f3 R\u00edo Grande y Ushuaia. En ambas ciudades realiz\u00f3 charlas abiertas a la comunidad.<\/p>\n\n\n\n<iframe src=\"https:\/\/www.ivoox.com\/player_ej_94097179_6_1.html?c1=0c4b69\" width=\"100%\" height=\"200\" frameborder=\"0\" allowfullscreen=\"\" scrolling=\"no\" loading=\"lazy\"><\/iframe>\n","protected":false},"excerpt":{"rendered":"<p>Manes Facundo-FM AIRE LIBRE-\u201cBuscamos construir un pa\u00eds en el que todos nos podamos sentir parte de un mismo proyecto\u201dEl diputado Manes pas\u00f3 por TDF, con su gira \u201cEmpat\u00eda\u201dvisit\u00f3 R\u00edo Grande y Ushuaia. En ambas ciudades realiz\u00f3 charlas abiertas a la comunidad.<\/p>\n","protected":false},"author":7,"featured_media":0,"comment_status":"closed","ping_status":"closed","sticky":false,"template":"","format":"standard","meta":{"footnotes":""},"categories":[45],"tags":[],"class_list":["post-15806","post","type-post","status-publish","format-standard","hentry","category-fm-aire-libre"],"_links":{"self":[{"href":"https:\/\/archivosonoro.com.ar\/wordpress\/index.php?rest_route=\/wp\/v2\/posts\/15806","targetHints":{"allow":["GET"]}}],"collection":[{"href":"https:\/\/archivosonoro.com.ar\/wordpress\/index.php?rest_route=\/wp\/v2\/posts"}],"about":[{"href":"https:\/\/archivosonoro.com.ar\/wordpress\/index.php?rest_route=\/wp\/v2\/types\/post"}],"author":[{"embeddable":true,"href":"https:\/\/archivosonoro.com.ar\/wordpress\/index.php?rest_route=\/wp\/v2\/users\/7"}],"replies":[{"embeddable":true,"href":"https:\/\/archivosonoro.com.ar\/wordpress\/index.php?rest_route=%2Fwp%2Fv2%2Fcomments&post=15806"}],"version-history":[{"count":2,"href":"https:\/\/archivosonoro.com.ar\/wordpress\/index.php?rest_route=\/wp\/v2\/posts\/15806\/revisions"}],"predecessor-version":[{"id":15808,"href":"https:\/\/archivosonoro.com.ar\/wordpress\/index.php?rest_route=\/wp\/v2\/posts\/15806\/revisions\/15808"}],"wp:attachment":[{"href":"https:\/\/archivosonoro.com.ar\/wordpress\/index.php?rest_route=%2Fwp%2Fv2%2Fmedia&parent=15806"}],"wp:term":[{"taxonomy":"category","embeddable":true,"href":"https:\/\/archivosonoro.com.ar\/wordpress\/index.php?rest_route=%2Fwp%2Fv2%2Fcategories&post=15806"},{"taxonomy":"post_tag","embeddable":true,"href":"https:\/\/archivosonoro.com.ar\/wordpress\/index.php?rest_route=%2Fwp%2Fv2%2Ftags&post=15806"}],"curies":[{"name":"wp","href":"https:\/\/api.w.org\/{rel}","templated":true}]}}