{"id":15802,"date":"2022-09-04T19:37:00","date_gmt":"2022-09-04T22:37:00","guid":{"rendered":"https:\/\/archivosonoro.com.ar\/wordpress\/?p=15802"},"modified":"2022-10-16T19:53:35","modified_gmt":"2022-10-16T22:53:35","slug":"2022-09-03-perez-m-intend-rg-obras-atentado-fmairelibre","status":"publish","type":"post","link":"https:\/\/archivosonoro.com.ar\/wordpress\/?p=15802","title":{"rendered":"2022-09-03 Perez M-Intend.RG-Obras-Atentado-FMAireLibre-"},"content":{"rendered":"\n<p>Mart\u00edn Perez-Intendente R\u00edo Grande-FMAire Libre-\u00abLa vicepresidenta es v\u00edctima de ataque pero esto se ve cada vez m\u00e1s abiertamente. Cuando uno ve que los medios hegem\u00f3nicos, no solo en Argentina sino a nivel internacional, o desde los sectores pol\u00edticos m\u00e1s extremos, se promueven estos mensajes, es muy peligroso\u201d<\/p>\n\n\n\n<iframe src=\"https:\/\/www.ivoox.com\/player_ej_94097175_6_1.html?c1=0c4b69\" width=\"100%\" height=\"200\" frameborder=\"0\" allowfullscreen=\"\" scrolling=\"no\" loading=\"lazy\"><\/iframe>\n","protected":false},"excerpt":{"rendered":"<p>Mart\u00edn Perez-Intendente R\u00edo Grande-FMAire Libre-\u00abLa vicepresidenta es v\u00edctima de ataque pero esto se ve cada vez m\u00e1s abiertamente. Cuando uno ve que los medios hegem\u00f3nicos, no solo en Argentina sino a nivel internacional, o desde los sectores pol\u00edticos m\u00e1s extremos, se promueven estos mensajes, es muy peligroso\u201d<\/p>\n","protected":false},"author":7,"featured_media":0,"comment_status":"closed","ping_status":"closed","sticky":false,"template":"","format":"standard","meta":{"footnotes":""},"categories":[45],"tags":[],"class_list":["post-15802","post","type-post","status-publish","format-standard","hentry","category-fm-aire-libre"],"_links":{"self":[{"href":"https:\/\/archivosonoro.com.ar\/wordpress\/index.php?rest_route=\/wp\/v2\/posts\/15802","targetHints":{"allow":["GET"]}}],"collection":[{"href":"https:\/\/archivosonoro.com.ar\/wordpress\/index.php?rest_route=\/wp\/v2\/posts"}],"about":[{"href":"https:\/\/archivosonoro.com.ar\/wordpress\/index.php?rest_route=\/wp\/v2\/types\/post"}],"author":[{"embeddable":true,"href":"https:\/\/archivosonoro.com.ar\/wordpress\/index.php?rest_route=\/wp\/v2\/users\/7"}],"replies":[{"embeddable":true,"href":"https:\/\/archivosonoro.com.ar\/wordpress\/index.php?rest_route=%2Fwp%2Fv2%2Fcomments&post=15802"}],"version-history":[{"count":1,"href":"https:\/\/archivosonoro.com.ar\/wordpress\/index.php?rest_route=\/wp\/v2\/posts\/15802\/revisions"}],"predecessor-version":[{"id":15803,"href":"https:\/\/archivosonoro.com.ar\/wordpress\/index.php?rest_route=\/wp\/v2\/posts\/15802\/revisions\/15803"}],"wp:attachment":[{"href":"https:\/\/archivosonoro.com.ar\/wordpress\/index.php?rest_route=%2Fwp%2Fv2%2Fmedia&parent=15802"}],"wp:term":[{"taxonomy":"category","embeddable":true,"href":"https:\/\/archivosonoro.com.ar\/wordpress\/index.php?rest_route=%2Fwp%2Fv2%2Fcategories&post=15802"},{"taxonomy":"post_tag","embeddable":true,"href":"https:\/\/archivosonoro.com.ar\/wordpress\/index.php?rest_route=%2Fwp%2Fv2%2Ftags&post=15802"}],"curies":[{"name":"wp","href":"https:\/\/api.w.org\/{rel}","templated":true}]}}