{"id":15778,"date":"2022-08-05T12:07:00","date_gmt":"2022-08-05T15:07:00","guid":{"rendered":"https:\/\/archivosonoro.com.ar\/wordpress\/?p=15778"},"modified":"2022-08-28T12:08:17","modified_gmt":"2022-08-28T15:08:17","slug":"gliubich-fernando-ex-candidato-por-juntos-por-el-cambio-referente-ucr","status":"publish","type":"post","link":"https:\/\/archivosonoro.com.ar\/wordpress\/?p=15778","title":{"rendered":"Gliubich Fernando-ex candidato por Juntos por el Cambio, referente UCR"},"content":{"rendered":"\n<p>\u201ccreo que ahora m\u00e1s que nunca debe haber una oposici\u00f3n responsable, pero no en t\u00e9rminos pol\u00edticos, sino un acompa\u00f1amiento en t\u00e9rminos de dirigencia y eso requiere un m\u00e1ximo de seriedad, de verdad que admiro a Sergio Massa porque hay que agarrar la conducci\u00f3n de un Ministerio en este contexto\u201d.<br>Sobre el ajuste fiscal dijo que:\u201clos gobiernos locales tienen que empezar a tener m\u00e1s responsabilidad y empezar a priorizar un esquema de inversi\u00f3n, como tambi\u00e9n ver de qu\u00e9 manera achicar los endeudamientos\u201d.<\/p>\n\n\n\n<iframe src=\"https:\/\/www.ivoox.com\/player_ej_91642766_6_1.html?c1=0c4b69\" width=\"100%\" height=\"200\" frameborder=\"0\" allowfullscreen=\"\" scrolling=\"no\" loading=\"lazy\"><\/iframe>\n\n\n\n<p>Fuente:FMDelPueblo-RG- 2022.08.04<\/p>\n","protected":false},"excerpt":{"rendered":"<p>\u201ccreo que ahora m\u00e1s que nunca debe haber una oposici\u00f3n responsable, pero no en t\u00e9rminos pol\u00edticos, sino un acompa\u00f1amiento en t\u00e9rminos de dirigencia y eso requiere un m\u00e1ximo de seriedad, de verdad que admiro a Sergio Massa porque hay que agarrar la conducci\u00f3n de un Ministerio en este contexto\u201d.Sobre el ajuste fiscal dijo que:\u201clos gobiernos [&hellip;]<\/p>\n","protected":false},"author":7,"featured_media":0,"comment_status":"closed","ping_status":"closed","sticky":false,"template":"","format":"standard","meta":{"footnotes":""},"categories":[1144],"tags":[],"class_list":["post-15778","post","type-post","status-publish","format-standard","hentry","category-fm-del-pueblo"],"_links":{"self":[{"href":"https:\/\/archivosonoro.com.ar\/wordpress\/index.php?rest_route=\/wp\/v2\/posts\/15778","targetHints":{"allow":["GET"]}}],"collection":[{"href":"https:\/\/archivosonoro.com.ar\/wordpress\/index.php?rest_route=\/wp\/v2\/posts"}],"about":[{"href":"https:\/\/archivosonoro.com.ar\/wordpress\/index.php?rest_route=\/wp\/v2\/types\/post"}],"author":[{"embeddable":true,"href":"https:\/\/archivosonoro.com.ar\/wordpress\/index.php?rest_route=\/wp\/v2\/users\/7"}],"replies":[{"embeddable":true,"href":"https:\/\/archivosonoro.com.ar\/wordpress\/index.php?rest_route=%2Fwp%2Fv2%2Fcomments&post=15778"}],"version-history":[{"count":1,"href":"https:\/\/archivosonoro.com.ar\/wordpress\/index.php?rest_route=\/wp\/v2\/posts\/15778\/revisions"}],"predecessor-version":[{"id":15779,"href":"https:\/\/archivosonoro.com.ar\/wordpress\/index.php?rest_route=\/wp\/v2\/posts\/15778\/revisions\/15779"}],"wp:attachment":[{"href":"https:\/\/archivosonoro.com.ar\/wordpress\/index.php?rest_route=%2Fwp%2Fv2%2Fmedia&parent=15778"}],"wp:term":[{"taxonomy":"category","embeddable":true,"href":"https:\/\/archivosonoro.com.ar\/wordpress\/index.php?rest_route=%2Fwp%2Fv2%2Fcategories&post=15778"},{"taxonomy":"post_tag","embeddable":true,"href":"https:\/\/archivosonoro.com.ar\/wordpress\/index.php?rest_route=%2Fwp%2Fv2%2Ftags&post=15778"}],"curies":[{"name":"wp","href":"https:\/\/api.w.org\/{rel}","templated":true}]}}