{"id":15745,"date":"2022-06-06T08:50:00","date_gmt":"2022-06-06T11:50:00","guid":{"rendered":"https:\/\/archivosonoro.com.ar\/wordpress\/?p=15745"},"modified":"2022-07-02T09:05:48","modified_gmt":"2022-07-02T12:05:48","slug":"rossi-a-agencia-federal-de-inteligencia-2022-06-05","status":"publish","type":"post","link":"https:\/\/archivosonoro.com.ar\/wordpress\/?p=15745","title":{"rendered":"Rossi A, Agencia Federal de Inteligencia &#8211; 2022.06.05"},"content":{"rendered":"\n<p>Rossi indic\u00f3 que \u00abha sido una decisi\u00f3n exclusiva\u00bb de Fern\u00e1ndez disponer cambios en el gabinete, al pedirle la renuncia a Mat\u00edas Kulfas del Ministerio de Desarrollo Productivo, y se\u00f1al\u00f3 que Scioli es \u00abun dirigente pol\u00edtico con cercan\u00eda al Presidente\u00bb.<br>Sobre su nuevo rol, Rossi consider\u00f3 que al frente de la AFI puede aportar bagaje \u00abpol\u00edtico\u00bb adquirido a lo largo de su carrera. \u00abTanto Daniel (Scioli) como yo somos dirigentes pol\u00edticos con un historial y trabajamos para la construcci\u00f3n del FdT y la potencialidad del espacio de ac\u00e1 al 2023\u00bb<\/p>\n\n\n\n<iframe src=\"https:\/\/www.ivoox.com\/player_ej_89279803_6_1.html?c1=0c4b69\" width=\"100%\" height=\"200\" frameborder=\"0\" allowfullscreen=\"\" scrolling=\"no\" loading=\"lazy\"><\/iframe>\n\n\n\n<p>Fuente: Futurock.<\/p>\n","protected":false},"excerpt":{"rendered":"<p>Rossi indic\u00f3 que \u00abha sido una decisi\u00f3n exclusiva\u00bb de Fern\u00e1ndez disponer cambios en el gabinete, al pedirle la renuncia a Mat\u00edas Kulfas del Ministerio de Desarrollo Productivo, y se\u00f1al\u00f3 que Scioli es \u00abun dirigente pol\u00edtico con cercan\u00eda al Presidente\u00bb.Sobre su nuevo rol, Rossi consider\u00f3 que al frente de la AFI puede aportar bagaje \u00abpol\u00edtico\u00bb adquirido [&hellip;]<\/p>\n","protected":false},"author":7,"featured_media":0,"comment_status":"closed","ping_status":"closed","sticky":false,"template":"","format":"standard","meta":{"footnotes":""},"categories":[2748],"tags":[],"class_list":["post-15745","post","type-post","status-publish","format-standard","hentry","category-futurock"],"_links":{"self":[{"href":"https:\/\/archivosonoro.com.ar\/wordpress\/index.php?rest_route=\/wp\/v2\/posts\/15745","targetHints":{"allow":["GET"]}}],"collection":[{"href":"https:\/\/archivosonoro.com.ar\/wordpress\/index.php?rest_route=\/wp\/v2\/posts"}],"about":[{"href":"https:\/\/archivosonoro.com.ar\/wordpress\/index.php?rest_route=\/wp\/v2\/types\/post"}],"author":[{"embeddable":true,"href":"https:\/\/archivosonoro.com.ar\/wordpress\/index.php?rest_route=\/wp\/v2\/users\/7"}],"replies":[{"embeddable":true,"href":"https:\/\/archivosonoro.com.ar\/wordpress\/index.php?rest_route=%2Fwp%2Fv2%2Fcomments&post=15745"}],"version-history":[{"count":2,"href":"https:\/\/archivosonoro.com.ar\/wordpress\/index.php?rest_route=\/wp\/v2\/posts\/15745\/revisions"}],"predecessor-version":[{"id":15754,"href":"https:\/\/archivosonoro.com.ar\/wordpress\/index.php?rest_route=\/wp\/v2\/posts\/15745\/revisions\/15754"}],"wp:attachment":[{"href":"https:\/\/archivosonoro.com.ar\/wordpress\/index.php?rest_route=%2Fwp%2Fv2%2Fmedia&parent=15745"}],"wp:term":[{"taxonomy":"category","embeddable":true,"href":"https:\/\/archivosonoro.com.ar\/wordpress\/index.php?rest_route=%2Fwp%2Fv2%2Fcategories&post=15745"},{"taxonomy":"post_tag","embeddable":true,"href":"https:\/\/archivosonoro.com.ar\/wordpress\/index.php?rest_route=%2Fwp%2Fv2%2Ftags&post=15745"}],"curies":[{"name":"wp","href":"https:\/\/api.w.org\/{rel}","templated":true}]}}