{"id":15725,"date":"2022-05-29T07:48:00","date_gmt":"2022-05-29T10:48:00","guid":{"rendered":"https:\/\/archivosonoro.com.ar\/wordpress\/?p=15725"},"modified":"2022-06-12T08:18:33","modified_gmt":"2022-06-12T11:18:33","slug":"eduardo-aliverti-editorial-marca-de-radio-28-05-2022","status":"publish","type":"post","link":"https:\/\/archivosonoro.com.ar\/wordpress\/?p=15725","title":{"rendered":"Eduardo Aliverti, Editorial Marca de Radio \u2013 28.05.2022"},"content":{"rendered":"\n<p>\u00abDesde un primer momento, el FdT horizontaliz\u00f3, en lugar de verticalizar, el funcionamiento de las \u00e1reas gubernamentales m\u00e1s sensibles. Haberlas \u201cloteado\u201d entre los sectores que lo componen tiene cierta l\u00f3gica, porque es una coalici\u00f3n. Sin embargo, el loteo lleg\u00f3 al extremo de que, ejecutivamente, cada quien procede seg\u00fan se le ocurra, sin coordinaci\u00f3n alguna.<br>As\u00ed no se pod\u00eda ni se debe seguir y el mismo Feletti, en el texto de su dimisi\u00f3n, se\u00f1ala que los resortes decisorios requieren un mando ensamblado que, desde arriba, tenga libertad para accionar. Y much\u00edsimo m\u00e1s si est\u00e1 en disputa la lucha contra la inflaci\u00f3n.<br>Pero despu\u00e9s: \u00bfque \u201cel cristinismo\u201d vaya corri\u00e9ndose de la gesti\u00f3n, por voluntad propia o determinaci\u00f3n ajena, es una buena noticia sobre el rumbo que tomar\u00e1 la econom\u00eda?\u00bb<\/p>\n\n\n\n<iframe src=\"https:\/\/www.ivoox.com\/player_ej_88342671_6_1.html?c1=0c4b69\" width=\"100%\" height=\"200\" frameborder=\"0\" allowfullscreen=\"\" scrolling=\"no\" loading=\"lazy\"><\/iframe>\n","protected":false},"excerpt":{"rendered":"<p>\u00abDesde un primer momento, el FdT horizontaliz\u00f3, en lugar de verticalizar, el funcionamiento de las \u00e1reas gubernamentales m\u00e1s sensibles. Haberlas \u201cloteado\u201d entre los sectores que lo componen tiene cierta l\u00f3gica, porque es una coalici\u00f3n. Sin embargo, el loteo lleg\u00f3 al extremo de que, ejecutivamente, cada quien procede seg\u00fan se le ocurra, sin coordinaci\u00f3n alguna.As\u00ed no [&hellip;]<\/p>\n","protected":false},"author":7,"featured_media":0,"comment_status":"closed","ping_status":"closed","sticky":false,"template":"","format":"standard","meta":{"footnotes":""},"categories":[2499,963],"tags":[],"class_list":["post-15725","post","type-post","status-publish","format-standard","hentry","category-actualidad","category-la-red"],"_links":{"self":[{"href":"https:\/\/archivosonoro.com.ar\/wordpress\/index.php?rest_route=\/wp\/v2\/posts\/15725","targetHints":{"allow":["GET"]}}],"collection":[{"href":"https:\/\/archivosonoro.com.ar\/wordpress\/index.php?rest_route=\/wp\/v2\/posts"}],"about":[{"href":"https:\/\/archivosonoro.com.ar\/wordpress\/index.php?rest_route=\/wp\/v2\/types\/post"}],"author":[{"embeddable":true,"href":"https:\/\/archivosonoro.com.ar\/wordpress\/index.php?rest_route=\/wp\/v2\/users\/7"}],"replies":[{"embeddable":true,"href":"https:\/\/archivosonoro.com.ar\/wordpress\/index.php?rest_route=%2Fwp%2Fv2%2Fcomments&post=15725"}],"version-history":[{"count":1,"href":"https:\/\/archivosonoro.com.ar\/wordpress\/index.php?rest_route=\/wp\/v2\/posts\/15725\/revisions"}],"predecessor-version":[{"id":15731,"href":"https:\/\/archivosonoro.com.ar\/wordpress\/index.php?rest_route=\/wp\/v2\/posts\/15725\/revisions\/15731"}],"wp:attachment":[{"href":"https:\/\/archivosonoro.com.ar\/wordpress\/index.php?rest_route=%2Fwp%2Fv2%2Fmedia&parent=15725"}],"wp:term":[{"taxonomy":"category","embeddable":true,"href":"https:\/\/archivosonoro.com.ar\/wordpress\/index.php?rest_route=%2Fwp%2Fv2%2Fcategories&post=15725"},{"taxonomy":"post_tag","embeddable":true,"href":"https:\/\/archivosonoro.com.ar\/wordpress\/index.php?rest_route=%2Fwp%2Fv2%2Ftags&post=15725"}],"curies":[{"name":"wp","href":"https:\/\/api.w.org\/{rel}","templated":true}]}}