{"id":15721,"date":"2022-05-18T07:48:00","date_gmt":"2022-05-18T10:48:00","guid":{"rendered":"https:\/\/archivosonoro.com.ar\/wordpress\/?p=15721"},"modified":"2022-06-12T08:16:00","modified_gmt":"2022-06-12T11:16:00","slug":"guzman-m-mtro-economia-17-05-2022","status":"publish","type":"post","link":"https:\/\/archivosonoro.com.ar\/wordpress\/?p=15721","title":{"rendered":"Guzm\u00e1n M, Mtro. Econom\u00eda \u2013 17.05.2022"},"content":{"rendered":"\n<p>El ministro de Econom\u00eda, Mart\u00edn Guzm\u00e1n, se refiri\u00f3 al proceso inflacionario que va en alza, pero apunt\u00f3 que \u00abla inflaci\u00f3n de mayo viene desaceler\u00e1ndose con respecto a la de abril\u00bb. No obstante, advirti\u00f3 que todav\u00eda es muy temprano para estimar una cifra.<\/p>\n\n\n\n<iframe src=\"https:\/\/www.ivoox.com\/player_ej_88342622_6_1.html?c1=0c4b69\" width=\"100%\" height=\"200\" frameborder=\"0\" allowfullscreen=\"\" scrolling=\"no\" loading=\"lazy\"><\/iframe>\n","protected":false},"excerpt":{"rendered":"<p>El ministro de Econom\u00eda, Mart\u00edn Guzm\u00e1n, se refiri\u00f3 al proceso inflacionario que va en alza, pero apunt\u00f3 que \u00abla inflaci\u00f3n de mayo viene desaceler\u00e1ndose con respecto a la de abril\u00bb. No obstante, advirti\u00f3 que todav\u00eda es muy temprano para estimar una cifra.<\/p>\n","protected":false},"author":7,"featured_media":0,"comment_status":"closed","ping_status":"closed","sticky":false,"template":"","format":"standard","meta":{"footnotes":""},"categories":[2751],"tags":[],"class_list":["post-15721","post","type-post","status-publish","format-standard","hentry","category-c5n"],"_links":{"self":[{"href":"https:\/\/archivosonoro.com.ar\/wordpress\/index.php?rest_route=\/wp\/v2\/posts\/15721","targetHints":{"allow":["GET"]}}],"collection":[{"href":"https:\/\/archivosonoro.com.ar\/wordpress\/index.php?rest_route=\/wp\/v2\/posts"}],"about":[{"href":"https:\/\/archivosonoro.com.ar\/wordpress\/index.php?rest_route=\/wp\/v2\/types\/post"}],"author":[{"embeddable":true,"href":"https:\/\/archivosonoro.com.ar\/wordpress\/index.php?rest_route=\/wp\/v2\/users\/7"}],"replies":[{"embeddable":true,"href":"https:\/\/archivosonoro.com.ar\/wordpress\/index.php?rest_route=%2Fwp%2Fv2%2Fcomments&post=15721"}],"version-history":[{"count":1,"href":"https:\/\/archivosonoro.com.ar\/wordpress\/index.php?rest_route=\/wp\/v2\/posts\/15721\/revisions"}],"predecessor-version":[{"id":15735,"href":"https:\/\/archivosonoro.com.ar\/wordpress\/index.php?rest_route=\/wp\/v2\/posts\/15721\/revisions\/15735"}],"wp:attachment":[{"href":"https:\/\/archivosonoro.com.ar\/wordpress\/index.php?rest_route=%2Fwp%2Fv2%2Fmedia&parent=15721"}],"wp:term":[{"taxonomy":"category","embeddable":true,"href":"https:\/\/archivosonoro.com.ar\/wordpress\/index.php?rest_route=%2Fwp%2Fv2%2Fcategories&post=15721"},{"taxonomy":"post_tag","embeddable":true,"href":"https:\/\/archivosonoro.com.ar\/wordpress\/index.php?rest_route=%2Fwp%2Fv2%2Ftags&post=15721"}],"curies":[{"name":"wp","href":"https:\/\/api.w.org\/{rel}","templated":true}]}}