{"id":15435,"date":"2021-04-23T07:28:57","date_gmt":"2021-04-23T10:28:57","guid":{"rendered":"http:\/\/archivosonoro.com.ar\/wordpress\/?p=15435"},"modified":"2021-05-04T07:45:44","modified_gmt":"2021-05-04T10:45:44","slug":"hoy-estoy-en-la-vereda-de-enfrente-del-intendente-vuoto","status":"publish","type":"post","link":"https:\/\/archivosonoro.com.ar\/wordpress\/?p=15435","title":{"rendered":"\u00abHOY ESTOY EN LA VEREDA DE ENFRENTE DEL INTENDENTE VUOTO\u00bb"},"content":{"rendered":"<p><strong>Romero H, ex Concejal PJ y ex Secretario Representaci\u00f3n Casa TDF<\/strong><br \/>\n\u00abEl justicialismo en la provincia, creo, no tiene m\u00e1s de un 25% de aceptaci\u00f3n. Hay un sector importante dentro del justicialismo que no est\u00e1 de acuerdo de la forma en que se lleva adelante esa forma de trabajar\u00bb. Manifest\u00f3 adem\u00e1s que seguir\u00e1 con su perfil bajo y su humildad, al servicio de la comunidad como le pidi\u00f3 el gobernador Melella.<\/p>\n<p><iframe id='audio_69495460' frameborder='0' allowfullscreen='' scrolling='no' height='200' style='width:100%;' src='https:\/\/ar.ivoox.com\/es\/player_ej_69495460_6_1.html'><\/iframe><\/p>\n<p>Fuente: Radio Provincia, Ushuaia &#8211; 2021.04.22<em><\/p>\n","protected":false},"excerpt":{"rendered":"<p>Romero H, ex Concejal PJ y ex Secretario Representaci\u00f3n Casa TDF \u00abEl justicialismo en la provincia, creo, no tiene m\u00e1s de un 25% de aceptaci\u00f3n. Hay un sector importante dentro del justicialismo que no est\u00e1 de acuerdo de la forma en que se lleva adelante esa forma de trabajar\u00bb. Manifest\u00f3 adem\u00e1s que seguir\u00e1 con su [&hellip;]<\/p>\n","protected":false},"author":7,"featured_media":0,"comment_status":"closed","ping_status":"closed","sticky":false,"template":"","format":"standard","meta":{"footnotes":""},"categories":[2499,3],"tags":[],"class_list":["post-15435","post","type-post","status-publish","format-standard","hentry","category-actualidad","category-radio-provincia"],"_links":{"self":[{"href":"https:\/\/archivosonoro.com.ar\/wordpress\/index.php?rest_route=\/wp\/v2\/posts\/15435","targetHints":{"allow":["GET"]}}],"collection":[{"href":"https:\/\/archivosonoro.com.ar\/wordpress\/index.php?rest_route=\/wp\/v2\/posts"}],"about":[{"href":"https:\/\/archivosonoro.com.ar\/wordpress\/index.php?rest_route=\/wp\/v2\/types\/post"}],"author":[{"embeddable":true,"href":"https:\/\/archivosonoro.com.ar\/wordpress\/index.php?rest_route=\/wp\/v2\/users\/7"}],"replies":[{"embeddable":true,"href":"https:\/\/archivosonoro.com.ar\/wordpress\/index.php?rest_route=%2Fwp%2Fv2%2Fcomments&post=15435"}],"version-history":[{"count":2,"href":"https:\/\/archivosonoro.com.ar\/wordpress\/index.php?rest_route=\/wp\/v2\/posts\/15435\/revisions"}],"predecessor-version":[{"id":15451,"href":"https:\/\/archivosonoro.com.ar\/wordpress\/index.php?rest_route=\/wp\/v2\/posts\/15435\/revisions\/15451"}],"wp:attachment":[{"href":"https:\/\/archivosonoro.com.ar\/wordpress\/index.php?rest_route=%2Fwp%2Fv2%2Fmedia&parent=15435"}],"wp:term":[{"taxonomy":"category","embeddable":true,"href":"https:\/\/archivosonoro.com.ar\/wordpress\/index.php?rest_route=%2Fwp%2Fv2%2Fcategories&post=15435"},{"taxonomy":"post_tag","embeddable":true,"href":"https:\/\/archivosonoro.com.ar\/wordpress\/index.php?rest_route=%2Fwp%2Fv2%2Ftags&post=15435"}],"curies":[{"name":"wp","href":"https:\/\/api.w.org\/{rel}","templated":true}]}}