{"id":15214,"date":"2020-07-28T19:14:11","date_gmt":"2020-07-28T22:14:11","guid":{"rendered":"http:\/\/archivosonoro.com.ar\/wordpress\/?p=15214"},"modified":"2020-08-05T19:24:40","modified_gmt":"2020-08-05T22:24:40","slug":"daniel-facio-secretario-proteccion-civil-27-7-2020","status":"publish","type":"post","link":"https:\/\/archivosonoro.com.ar\/wordpress\/?p=15214","title":{"rendered":"Daniel Facio, Secretario Protecci\u00f3n Civil : 27.7.2020"},"content":{"rendered":"<p>El Secretario de Protecci\u00f3n Civil, Daniel Facio, se referi\u00f3 a la situaci\u00f3n actual en contexto de pandemia. La entrevista tuvo lugar en FM Radio Fueguina.<\/p>\n<p><iframe id='audio_54863716' frameborder='0' allowfullscreen='' scrolling='no' height='200' style='border:1px solid #EEE; box-sizing:border-box; width:100%;' src=\"https:\/\/ar.ivoox.com\/es\/player_ej_54863716_4_1.html?c1=ff6600\"><\/iframe><\/p>\n","protected":false},"excerpt":{"rendered":"<p>El Secretario de Protecci\u00f3n Civil, Daniel Facio, se referi\u00f3 a la situaci\u00f3n actual en contexto de pandemia. La entrevista tuvo lugar en FM Radio Fueguina.<\/p>\n","protected":false},"author":7,"featured_media":15218,"comment_status":"closed","ping_status":"closed","sticky":false,"template":"","format":"standard","meta":{"footnotes":""},"categories":[2499,846],"tags":[],"class_list":["post-15214","post","type-post","status-publish","format-standard","has-post-thumbnail","hentry","category-actualidad","category-radio-fueguina","has_thumb"],"_links":{"self":[{"href":"https:\/\/archivosonoro.com.ar\/wordpress\/index.php?rest_route=\/wp\/v2\/posts\/15214","targetHints":{"allow":["GET"]}}],"collection":[{"href":"https:\/\/archivosonoro.com.ar\/wordpress\/index.php?rest_route=\/wp\/v2\/posts"}],"about":[{"href":"https:\/\/archivosonoro.com.ar\/wordpress\/index.php?rest_route=\/wp\/v2\/types\/post"}],"author":[{"embeddable":true,"href":"https:\/\/archivosonoro.com.ar\/wordpress\/index.php?rest_route=\/wp\/v2\/users\/7"}],"replies":[{"embeddable":true,"href":"https:\/\/archivosonoro.com.ar\/wordpress\/index.php?rest_route=%2Fwp%2Fv2%2Fcomments&post=15214"}],"version-history":[{"count":1,"href":"https:\/\/archivosonoro.com.ar\/wordpress\/index.php?rest_route=\/wp\/v2\/posts\/15214\/revisions"}],"predecessor-version":[{"id":15215,"href":"https:\/\/archivosonoro.com.ar\/wordpress\/index.php?rest_route=\/wp\/v2\/posts\/15214\/revisions\/15215"}],"wp:featuredmedia":[{"embeddable":true,"href":"https:\/\/archivosonoro.com.ar\/wordpress\/index.php?rest_route=\/wp\/v2\/media\/15218"}],"wp:attachment":[{"href":"https:\/\/archivosonoro.com.ar\/wordpress\/index.php?rest_route=%2Fwp%2Fv2%2Fmedia&parent=15214"}],"wp:term":[{"taxonomy":"category","embeddable":true,"href":"https:\/\/archivosonoro.com.ar\/wordpress\/index.php?rest_route=%2Fwp%2Fv2%2Fcategories&post=15214"},{"taxonomy":"post_tag","embeddable":true,"href":"https:\/\/archivosonoro.com.ar\/wordpress\/index.php?rest_route=%2Fwp%2Fv2%2Ftags&post=15214"}],"curies":[{"name":"wp","href":"https:\/\/api.w.org\/{rel}","templated":true}]}}