{"id":15107,"date":"2020-03-06T11:41:20","date_gmt":"2020-03-06T14:41:20","guid":{"rendered":"http:\/\/archivosonoro.com.ar\/wordpress\/?p=15107"},"modified":"2020-04-04T11:44:50","modified_gmt":"2020-04-04T14:44:50","slug":"natalia-janez-secretaria-nacional-ucr-5-3-2020","status":"publish","type":"post","link":"https:\/\/archivosonoro.com.ar\/wordpress\/?p=15107","title":{"rendered":"Natalia Ja\u00f1ez, Secretaria Nacional UCR : 5.3.2020"},"content":{"rendered":"<p>La referente de la UCR se refiri\u00f3 a la campa\u00f1a por el aborto seguro y gratuito. Adem\u00e1s dio cuenta de las diferentes actividades que se realizaron durante el mes de la mujer en Tierra del Fuego.<br \/>\nTambi\u00e9n inform\u00f3 la presentaci\u00f3n del documental \u00abQue sea ley\u00bb del director Juan Solanas, ternada y premiada en festival de Cannes.<\/p>\n<p><iframe loading=\"lazy\" src=\"https:\/\/app.box.com\/embed\/s\/7pblc2ozlibign5c6ih248mli234gq1m?sortColumn=date&#038;view=list\" width=\"500\" height=\"120\" frameborder=\"0\" allowfullscreen webkitallowfullscreen msallowfullscreen><\/iframe><\/p>\n","protected":false},"excerpt":{"rendered":"<p>La referente de la UCR se refiri\u00f3 a la campa\u00f1a por el aborto seguro y gratuito. Adem\u00e1s dio cuenta de las diferentes actividades que se realizaron durante el mes de la mujer en Tierra del Fuego. Tambi\u00e9n inform\u00f3 la presentaci\u00f3n del documental \u00abQue sea ley\u00bb del director Juan Solanas, ternada y premiada en festival de [&hellip;]<\/p>\n","protected":false},"author":7,"featured_media":0,"comment_status":"closed","ping_status":"closed","sticky":false,"template":"","format":"standard","meta":{"footnotes":""},"categories":[1144],"tags":[2730,2731,87],"class_list":["post-15107","post","type-post","status-publish","format-standard","hentry","category-fm-del-pueblo","tag-janez","tag-solanas","tag-ucr"],"_links":{"self":[{"href":"https:\/\/archivosonoro.com.ar\/wordpress\/index.php?rest_route=\/wp\/v2\/posts\/15107","targetHints":{"allow":["GET"]}}],"collection":[{"href":"https:\/\/archivosonoro.com.ar\/wordpress\/index.php?rest_route=\/wp\/v2\/posts"}],"about":[{"href":"https:\/\/archivosonoro.com.ar\/wordpress\/index.php?rest_route=\/wp\/v2\/types\/post"}],"author":[{"embeddable":true,"href":"https:\/\/archivosonoro.com.ar\/wordpress\/index.php?rest_route=\/wp\/v2\/users\/7"}],"replies":[{"embeddable":true,"href":"https:\/\/archivosonoro.com.ar\/wordpress\/index.php?rest_route=%2Fwp%2Fv2%2Fcomments&post=15107"}],"version-history":[{"count":1,"href":"https:\/\/archivosonoro.com.ar\/wordpress\/index.php?rest_route=\/wp\/v2\/posts\/15107\/revisions"}],"predecessor-version":[{"id":15108,"href":"https:\/\/archivosonoro.com.ar\/wordpress\/index.php?rest_route=\/wp\/v2\/posts\/15107\/revisions\/15108"}],"wp:attachment":[{"href":"https:\/\/archivosonoro.com.ar\/wordpress\/index.php?rest_route=%2Fwp%2Fv2%2Fmedia&parent=15107"}],"wp:term":[{"taxonomy":"category","embeddable":true,"href":"https:\/\/archivosonoro.com.ar\/wordpress\/index.php?rest_route=%2Fwp%2Fv2%2Fcategories&post=15107"},{"taxonomy":"post_tag","embeddable":true,"href":"https:\/\/archivosonoro.com.ar\/wordpress\/index.php?rest_route=%2Fwp%2Fv2%2Ftags&post=15107"}],"curies":[{"name":"wp","href":"https:\/\/api.w.org\/{rel}","templated":true}]}}