{"id":14028,"date":"2016-04-07T14:40:34","date_gmt":"2016-04-07T17:40:34","guid":{"rendered":"http:\/\/archivosonoro.com.ar\/?p=14028"},"modified":"2016-04-07T16:10:58","modified_gmt":"2016-04-07T19:10:58","slug":"hace-un-ano-no-te-entusiasmes-tanto-07-04-15","status":"publish","type":"post","link":"https:\/\/archivosonoro.com.ar\/wordpress\/?p=14028","title":{"rendered":"No te entusiasmes tanto&#8230;(es del 07 de abril 2015)"},"content":{"rendered":"<p>Hace un a\u00f1o, y a falta del de \u00e9ste a\u00f1o, ponemos a disposici\u00f3n el programa \u00abNo te entusiasmes tanto\u00bb que se emiti\u00f3 por FM Provincia el 7 de abril de 2015.<\/p>\n<p><iframe loading=\"lazy\" src=\"https:\/\/app.box.com\/embed\/preview\/i8tkh1bixzq1pqqa0b23c23ri1x97gxj?theme=dark\" width=\"500\" height=\"88\" frameborder=\"0\" allowfullscreen webkitallowfullscreen msallowfullscreen><\/iframe><\/p>\n","protected":false},"excerpt":{"rendered":"<p>Hace un a\u00f1o, y a falta del de \u00e9ste a\u00f1o, ponemos a disposici\u00f3n el programa \u00abNo te entusiasmes tanto\u00bb que se emiti\u00f3 por FM Provincia el 7 de abril de 2015.<\/p>\n","protected":false},"author":7,"featured_media":11182,"comment_status":"closed","ping_status":"closed","sticky":false,"template":"","format":"standard","meta":{"footnotes":""},"categories":[2451,3],"tags":[2596],"class_list":["post-14028","post","type-post","status-publish","format-standard","has-post-thumbnail","hentry","category-ntet","category-radio-provincia","tag-ntet","has_thumb"],"_links":{"self":[{"href":"https:\/\/archivosonoro.com.ar\/wordpress\/index.php?rest_route=\/wp\/v2\/posts\/14028","targetHints":{"allow":["GET"]}}],"collection":[{"href":"https:\/\/archivosonoro.com.ar\/wordpress\/index.php?rest_route=\/wp\/v2\/posts"}],"about":[{"href":"https:\/\/archivosonoro.com.ar\/wordpress\/index.php?rest_route=\/wp\/v2\/types\/post"}],"author":[{"embeddable":true,"href":"https:\/\/archivosonoro.com.ar\/wordpress\/index.php?rest_route=\/wp\/v2\/users\/7"}],"replies":[{"embeddable":true,"href":"https:\/\/archivosonoro.com.ar\/wordpress\/index.php?rest_route=%2Fwp%2Fv2%2Fcomments&post=14028"}],"version-history":[{"count":5,"href":"https:\/\/archivosonoro.com.ar\/wordpress\/index.php?rest_route=\/wp\/v2\/posts\/14028\/revisions"}],"predecessor-version":[{"id":14034,"href":"https:\/\/archivosonoro.com.ar\/wordpress\/index.php?rest_route=\/wp\/v2\/posts\/14028\/revisions\/14034"}],"wp:featuredmedia":[{"embeddable":true,"href":"https:\/\/archivosonoro.com.ar\/wordpress\/index.php?rest_route=\/wp\/v2\/media\/11182"}],"wp:attachment":[{"href":"https:\/\/archivosonoro.com.ar\/wordpress\/index.php?rest_route=%2Fwp%2Fv2%2Fmedia&parent=14028"}],"wp:term":[{"taxonomy":"category","embeddable":true,"href":"https:\/\/archivosonoro.com.ar\/wordpress\/index.php?rest_route=%2Fwp%2Fv2%2Fcategories&post=14028"},{"taxonomy":"post_tag","embeddable":true,"href":"https:\/\/archivosonoro.com.ar\/wordpress\/index.php?rest_route=%2Fwp%2Fv2%2Ftags&post=14028"}],"curies":[{"name":"wp","href":"https:\/\/api.w.org\/{rel}","templated":true}]}}