{"id":13002,"date":"2015-08-14T12:00:46","date_gmt":"2015-08-14T15:00:46","guid":{"rendered":"http:\/\/archivosonoro.com.ar\/?p=13002"},"modified":"2015-08-14T11:04:30","modified_gmt":"2015-08-14T14:04:30","slug":"sinchicay-ipauss-periodismo-en-tdf-ano-1996","status":"publish","type":"post","link":"https:\/\/archivosonoro.com.ar\/wordpress\/?p=13002","title":{"rendered":"Sinchicay: Ipauss &#8211; Periodismo en TDF &#8211; A\u00f1o: 1996"},"content":{"rendered":"<p>Sinchicay V: \u00abNosotros ayer terminamos el acta de entrega con la intervenci\u00f3n, donde queda claramente establecida que la situaci\u00f3n del Instituto en lo financiero y en lo econ\u00f3mico no es para nada mala, el problema ac\u00e1 son las deudas, siguen siendo las deudas que los distintos organismos nacionales, municipales y el poder ejecutivo provincial mantienen con el Instituto, o mantienen o, no hicieron nada para que la provincia recuperara ese dinero, o el Instituto recuperara el dinero. Los cr\u00e9ditos para con el Instituto hoy son de, al d\u00eda siete de la intervenci\u00f3n son nueve millones noventa y cinco mil pesos aproximadamente, quisiera que se tenga claro este n\u00famero. (&#8230;) En cuanto a la calificaci\u00f3n que hace el Poder Ejecutivo del Estado y como fundamento de la intervenci\u00f3n habla de la ca\u00f3tica situaci\u00f3n econ\u00f3mico financiera, esta ca\u00f3tica situaci\u00f3n economico-financiera es fundamentalmente por la plata que no ingres\u00f3, \u00bfque previsi\u00f3n se puede llegar a tener sobre todo en un organismo que no es de capitalizaci\u00f3n, que todo lo que entra lo gasta, porque adem\u00e1s est\u00e1 establecido&#8230;\u00bb<\/p>\n<p><iframe loading=\"lazy\" src=\"https:\/\/app.box.com\/embed\/preview\/rfnfebjvp30lksfru905icdm6zt2k51e?theme=dark\" width=\"500\" height=\"88\" frameborder=\"0\"allowfullscreen webkitallowfullscreen msallowfullscreen><\/iframe><\/p>\n","protected":false},"excerpt":{"rendered":"<p>Sinchicay V: \u00abNosotros ayer terminamos el acta de entrega con la intervenci\u00f3n, donde queda claramente establecida que la situaci\u00f3n del Instituto en lo financiero y en lo econ\u00f3mico no es para nada mala, el problema ac\u00e1 son las deudas, siguen siendo las deudas que los distintos organismos nacionales, municipales y el poder ejecutivo provincial mantienen [&hellip;]<\/p>\n","protected":false},"author":7,"featured_media":11581,"comment_status":"closed","ping_status":"closed","sticky":false,"template":"","format":"standard","meta":{"footnotes":""},"categories":[2499,28],"tags":[2591,911,5,466,2590,464,1042],"class_list":["post-13002","post","type-post","status-publish","format-standard","has-post-thumbnail","hentry","category-actualidad","category-especiales","tag-2591","tag-estabillo","tag-ipauss","tag-perez","tag-rafael","tag-sinchicay","tag-urtasun","has_thumb"],"_links":{"self":[{"href":"https:\/\/archivosonoro.com.ar\/wordpress\/index.php?rest_route=\/wp\/v2\/posts\/13002","targetHints":{"allow":["GET"]}}],"collection":[{"href":"https:\/\/archivosonoro.com.ar\/wordpress\/index.php?rest_route=\/wp\/v2\/posts"}],"about":[{"href":"https:\/\/archivosonoro.com.ar\/wordpress\/index.php?rest_route=\/wp\/v2\/types\/post"}],"author":[{"embeddable":true,"href":"https:\/\/archivosonoro.com.ar\/wordpress\/index.php?rest_route=\/wp\/v2\/users\/7"}],"replies":[{"embeddable":true,"href":"https:\/\/archivosonoro.com.ar\/wordpress\/index.php?rest_route=%2Fwp%2Fv2%2Fcomments&post=13002"}],"version-history":[{"count":1,"href":"https:\/\/archivosonoro.com.ar\/wordpress\/index.php?rest_route=\/wp\/v2\/posts\/13002\/revisions"}],"predecessor-version":[{"id":13007,"href":"https:\/\/archivosonoro.com.ar\/wordpress\/index.php?rest_route=\/wp\/v2\/posts\/13002\/revisions\/13007"}],"wp:featuredmedia":[{"embeddable":true,"href":"https:\/\/archivosonoro.com.ar\/wordpress\/index.php?rest_route=\/wp\/v2\/media\/11581"}],"wp:attachment":[{"href":"https:\/\/archivosonoro.com.ar\/wordpress\/index.php?rest_route=%2Fwp%2Fv2%2Fmedia&parent=13002"}],"wp:term":[{"taxonomy":"category","embeddable":true,"href":"https:\/\/archivosonoro.com.ar\/wordpress\/index.php?rest_route=%2Fwp%2Fv2%2Fcategories&post=13002"},{"taxonomy":"post_tag","embeddable":true,"href":"https:\/\/archivosonoro.com.ar\/wordpress\/index.php?rest_route=%2Fwp%2Fv2%2Ftags&post=13002"}],"curies":[{"name":"wp","href":"https:\/\/api.w.org\/{rel}","templated":true}]}}