{"id":12880,"date":"2015-08-05T23:42:32","date_gmt":"2015-08-06T02:42:32","guid":{"rendered":"http:\/\/archivosonoro.com.ar\/?p=12880"},"modified":"2015-08-05T23:53:34","modified_gmt":"2015-08-06T02:53:34","slug":"periodismo-en-tdfromanoj-m-secco-a-decreto-912-ano1996","status":"publish","type":"post","link":"https:\/\/archivosonoro.com.ar\/wordpress\/?p=12880","title":{"rendered":"Periodismo en TDF:Romano J.M-Secco A.-Decreto 912-a\u00f1o1996-"},"content":{"rendered":"<p>Romano J.M:\u00bb Este decreto no fija remuneraciones, simplemente fija niveles jer\u00e1rquicos y niveles de coordinaci\u00f3n,(\u00ab&#8230;\u00bb) es alguien que va a estar entre un director y un subsecretario, pero con una clara definici\u00f3n de \u00edndole pol\u00edtica, es decir pol\u00edtica en el sentido de su permanencia\u00bbACA VA EL TEXTO<\/p>\n<p><iframe loading=\"lazy\" src=\"https:\/\/app.box.com\/embed\/preview\/yv0syzcku1o8qfn3d8pi6cy67cplyunq?theme=dark\" width=\"500\" height=\"88\" frameborder=\"0\"allowfullscreen webkitallowfullscreen msallowfullscreen><\/iframe><\/p>\n","protected":false},"excerpt":{"rendered":"<p>Romano J.M:\u00bb Este decreto no fija remuneraciones, simplemente fija niveles jer\u00e1rquicos y niveles de coordinaci\u00f3n,(\u00ab&#8230;\u00bb) es alguien que va a estar entre un director y un subsecretario, pero con una clara definici\u00f3n de \u00edndole pol\u00edtica, es decir pol\u00edtica en el sentido de su permanencia\u00bbACA VA EL TEXTO<\/p>\n","protected":false},"author":7,"featured_media":12888,"comment_status":"closed","ping_status":"closed","sticky":false,"template":"","format":"standard","meta":{"footnotes":""},"categories":[2499,640],"tags":[2586,619],"class_list":["post-12880","post","type-post","status-publish","format-standard","has-post-thumbnail","hentry","category-actualidad","category-archivo-sonoro","tag-decreto-912","tag-romano","has_thumb"],"_links":{"self":[{"href":"https:\/\/archivosonoro.com.ar\/wordpress\/index.php?rest_route=\/wp\/v2\/posts\/12880","targetHints":{"allow":["GET"]}}],"collection":[{"href":"https:\/\/archivosonoro.com.ar\/wordpress\/index.php?rest_route=\/wp\/v2\/posts"}],"about":[{"href":"https:\/\/archivosonoro.com.ar\/wordpress\/index.php?rest_route=\/wp\/v2\/types\/post"}],"author":[{"embeddable":true,"href":"https:\/\/archivosonoro.com.ar\/wordpress\/index.php?rest_route=\/wp\/v2\/users\/7"}],"replies":[{"embeddable":true,"href":"https:\/\/archivosonoro.com.ar\/wordpress\/index.php?rest_route=%2Fwp%2Fv2%2Fcomments&post=12880"}],"version-history":[{"count":5,"href":"https:\/\/archivosonoro.com.ar\/wordpress\/index.php?rest_route=\/wp\/v2\/posts\/12880\/revisions"}],"predecessor-version":[{"id":12913,"href":"https:\/\/archivosonoro.com.ar\/wordpress\/index.php?rest_route=\/wp\/v2\/posts\/12880\/revisions\/12913"}],"wp:featuredmedia":[{"embeddable":true,"href":"https:\/\/archivosonoro.com.ar\/wordpress\/index.php?rest_route=\/wp\/v2\/media\/12888"}],"wp:attachment":[{"href":"https:\/\/archivosonoro.com.ar\/wordpress\/index.php?rest_route=%2Fwp%2Fv2%2Fmedia&parent=12880"}],"wp:term":[{"taxonomy":"category","embeddable":true,"href":"https:\/\/archivosonoro.com.ar\/wordpress\/index.php?rest_route=%2Fwp%2Fv2%2Fcategories&post=12880"},{"taxonomy":"post_tag","embeddable":true,"href":"https:\/\/archivosonoro.com.ar\/wordpress\/index.php?rest_route=%2Fwp%2Fv2%2Ftags&post=12880"}],"curies":[{"name":"wp","href":"https:\/\/api.w.org\/{rel}","templated":true}]}}