{"id":12428,"date":"2015-05-28T09:44:22","date_gmt":"2015-05-28T12:44:22","guid":{"rendered":"http:\/\/archivosonoro.com.ar\/?p=12428"},"modified":"2015-05-28T09:44:22","modified_gmt":"2015-05-28T12:44:22","slug":"las-personas-curvas","status":"publish","type":"post","link":"https:\/\/archivosonoro.com.ar\/wordpress\/?p=12428","title":{"rendered":"Las personas curvas"},"content":{"rendered":"<p>Apertura del programa \u00abGuetap\u00bb -28\/Mayo- con Jesus Lizano. Conducido por Reynaldo Sietecase en Radio Vorterix.<\/p>\n<p><strong>Las personas curvas<\/strong><\/p>\n<p>Mi madre dec\u00eda: a m\u00ed me gustan las personas rectas <\/p>\n<p>A m\u00ed me gustan las personas curvas,<br \/>\nlas ideas curvas,<br \/>\nlos caminos curvos,<br \/>\nporque el mundo es curvo<br \/>\ny la tierra es curva<br \/>\ny el movimiento es curvo;<br \/>\ny me gustan las curvas<br \/>\ny los pechos curvos<br \/>\ny los culos curvos,<br \/>\nlos sentimientos curvos;<br \/>\nla ebriedad: es curva;<br \/>\nlas palabras curvas:<br \/>\nel amor es curvo;<br \/>\n\u00a1el vientre es curvo!;<br \/>\nlo diverso es curvo. <\/p>\n<p>A m\u00ed me gustan los mundos curvos;<br \/>\nel mar es curvo,<br \/>\nla risa es curva,<br \/>\nla alegr\u00eda es curva,<br \/>\nel dolor es curvo;<br \/>\nlas uvas: curvas;<br \/>\nlas naranjas: curvas;<br \/>\nlos labios: curvos;<br \/>\ny los sue\u00f1os; curvos;<br \/>\nlos para\u00edsos, curvos<br \/>\n(no hay otros para\u00edsos);<br \/>\na m\u00ed me gusta la anarqu\u00eda curva.<br \/>\nEl d\u00eda es curvo<br \/>\ny la noche es curva;<br \/>\n\u00a1la aventura es curva! <\/p>\n<p>Y no me gustan las personas rectas,<br \/>\nel mundo recto,<br \/>\nlas ideas rectas;<br \/>\na m\u00ed me gustan las manos curvas,<br \/>\nlos poemas curvos,<br \/>\nlas horas curvas:<br \/>\n\u00a1contemplar es curvo!;<br \/>\n(en las que puedes contemplar las curvas<br \/>\ny conocer la tierra);<br \/>\nlos instrumentos curvos,<br \/>\nno los cuchillos, no las leyes:<br \/>\nno me gustan las leyes porque son rectas,<br \/>\nno me gustan las cosas rectas;<br \/>\nlos suspiros: curvos;<br \/>\nlos besos: curvos;<br \/>\nlas caricias: curvas. <\/p>\n<p>Y la paciencia es curva. <\/p>\n<p>El pan es curvo<br \/>\ny la metralla recta. <\/p>\n<p>No me gustan las cosas rectas<br \/>\nni la l\u00ednea recta:<br \/>\nse pierden<br \/>\ntodas las l\u00edneas rectas;<br \/>\nno me gusta la muerte porque es recta,<br \/>\nes la cosa m\u00e1s recta, lo escondido<br \/>\ndetr\u00e1s de las cosas rectas;<br \/>\nni los maestros rectos<br \/>\nni las maestras rectas:<br \/>\na m\u00ed me gustan los maestros curvos,<br \/>\nlas maestras curvas.<br \/>\nNo los dioses rectos:<br \/>\n\u00a1lib\u00e9rennos los dioses curvos de los dioses rectos! <\/p>\n<p>El ba\u00f1o es curvo,<br \/>\nla verdad es curva,<br \/>\nyo no resisto las verdades rectas.<br \/>\nVivir es curvo,<br \/>\nla poes\u00eda es curva,<br \/>\nel coraz\u00f3n es curvo.<br \/>\nA m\u00ed me gustan las personas curvas<br \/>\ny huyo, es la peste, de las personas rectas<\/p>\n<p><iframe loading=\"lazy\" src=\"https:\/\/app.box.com\/embed\/preview\/wl60jd1f9a3ha9751g09hc5dd70plpeh?theme=dark\" width=\"500\" height=\"88\" frameborder=\"0\"allowfullscreen webkitallowfullscreen msallowfullscreen><\/iframe><\/p>\n","protected":false},"excerpt":{"rendered":"<p>Apertura del programa \u00abGuetap\u00bb -28\/Mayo- con Jesus Lizano. Conducido por Reynaldo Sietecase en Radio Vorterix. Las personas curvas Mi madre dec\u00eda: a m\u00ed me gustan las personas rectas A m\u00ed me gustan las personas curvas, las ideas curvas, los caminos curvos, porque el mundo es curvo y la tierra es curva y el movimiento es [&hellip;]<\/p>\n","protected":false},"author":7,"featured_media":12429,"comment_status":"closed","ping_status":"closed","sticky":false,"template":"","format":"standard","meta":{"footnotes":""},"categories":[2499,665],"tags":[2364,2571,919],"class_list":["post-12428","post","type-post","status-publish","format-standard","has-post-thumbnail","hentry","category-actualidad","category-vorterix","tag-guetap","tag-lizano","tag-sietecase","has_thumb"],"_links":{"self":[{"href":"https:\/\/archivosonoro.com.ar\/wordpress\/index.php?rest_route=\/wp\/v2\/posts\/12428","targetHints":{"allow":["GET"]}}],"collection":[{"href":"https:\/\/archivosonoro.com.ar\/wordpress\/index.php?rest_route=\/wp\/v2\/posts"}],"about":[{"href":"https:\/\/archivosonoro.com.ar\/wordpress\/index.php?rest_route=\/wp\/v2\/types\/post"}],"author":[{"embeddable":true,"href":"https:\/\/archivosonoro.com.ar\/wordpress\/index.php?rest_route=\/wp\/v2\/users\/7"}],"replies":[{"embeddable":true,"href":"https:\/\/archivosonoro.com.ar\/wordpress\/index.php?rest_route=%2Fwp%2Fv2%2Fcomments&post=12428"}],"version-history":[{"count":2,"href":"https:\/\/archivosonoro.com.ar\/wordpress\/index.php?rest_route=\/wp\/v2\/posts\/12428\/revisions"}],"predecessor-version":[{"id":12440,"href":"https:\/\/archivosonoro.com.ar\/wordpress\/index.php?rest_route=\/wp\/v2\/posts\/12428\/revisions\/12440"}],"wp:featuredmedia":[{"embeddable":true,"href":"https:\/\/archivosonoro.com.ar\/wordpress\/index.php?rest_route=\/wp\/v2\/media\/12429"}],"wp:attachment":[{"href":"https:\/\/archivosonoro.com.ar\/wordpress\/index.php?rest_route=%2Fwp%2Fv2%2Fmedia&parent=12428"}],"wp:term":[{"taxonomy":"category","embeddable":true,"href":"https:\/\/archivosonoro.com.ar\/wordpress\/index.php?rest_route=%2Fwp%2Fv2%2Fcategories&post=12428"},{"taxonomy":"post_tag","embeddable":true,"href":"https:\/\/archivosonoro.com.ar\/wordpress\/index.php?rest_route=%2Fwp%2Fv2%2Ftags&post=12428"}],"curies":[{"name":"wp","href":"https:\/\/api.w.org\/{rel}","templated":true}]}}