{"id":11690,"date":"2015-02-10T17:01:44","date_gmt":"2015-02-10T20:01:44","guid":{"rendered":"http:\/\/archivosonoro.com.ar\/?p=11690"},"modified":"2015-02-10T17:01:44","modified_gmt":"2015-02-10T20:01:44","slug":"bertolt-brecht","status":"publish","type":"post","link":"https:\/\/archivosonoro.com.ar\/wordpress\/?p=11690","title":{"rendered":"Bertolt Brecht"},"content":{"rendered":"<p>Apertura del programa \u00abGuetap\u00bb -10\/Febrero- con Bertolt Brecht. Conducido por Reynaldo Sietecase en Radio Vorterix.<\/p>\n<p>Vosotros, que surgir\u00e9is del marasmo<br \/>\nen el que nosotros nos hemos hundido,<br \/>\ncuando habl\u00e9is de nuestras debilidades,<br \/>\npensad tambi\u00e9n en los tiempos sombr\u00edos<br \/>\nde los que os hab\u00e9is escapado.\t<\/p>\n<p>Cambi\u00e1bamos de pa\u00eds como de zapatos<br \/>\na trav\u00e9s de las guerras de clases, y nos desesper\u00e1bamos<br \/>\ndonde s\u00f3lo hab\u00eda injusticia y nadie se alzaba contra ella.<br \/>\nY, sin embargo, sab\u00edamos<br \/>\nque tambi\u00e9n el odio contra la bajeza<br \/>\ndesfigura la cara.<br \/>\nTambi\u00e9n la ira contra la injusticia<br \/>\npone ronca la voz. Desgraciadamente, nosotros,<br \/>\nque quer\u00edamos preparar el camino para la amabilidad<br \/>\nno pudimos ser amables.<br \/>\nPero vosotros, cuando lleguen los tiempos<br \/>\nen que el hombre sea amigo del hombre,<br \/>\npensad en nosotros<br \/>\ncon indulgencia. \u00bb<\/p>\n<p>&#8212;02&#8212;&#8211;<br \/>\nEscap\u00e9 de los tigres aliment\u00e9 a los chinches fui comido vivo por las mediocridades.-<\/p>\n<p>&#8212;3&#8212;<br \/>\nNo os dej\u00e9is seducir:<br \/>\nno hay retorno alguno.<br \/>\nEl d\u00eda est\u00e1 a las puertas,<br \/>\nhay ya viento nocturno:<br \/>\nno vendr\u00e1 otra ma\u00f1ana.<br \/>\nNo os dej\u00e9is enga\u00f1ar<br \/>\ncon que la vida es poco.<br \/>\nBebedla a grandes tragos<br \/>\nporque no os bastar\u00e1<br \/>\ncuando hay\u00e1is de perderla.<br \/>\nNo os dej\u00e9is consolar.<br \/>\nVuestro tiempo no es mucho.<br \/>\nEl lodo, a los podridos.<br \/>\nLa vida es lo m\u00e1s grande:<br \/>\nperderla es perder todo.<\/p>\n<p><iframe loading=\"lazy\" src=\"https:\/\/app.box.com\/embed_widget\/s\/ygh7wq2aposnaf5xo5p3xz5uemczwcf7?theme=blue\" width=\"500\" height=\"400\" frameborder=\"0\"allowfullscreen webkitallowfullscreen msallowfullscreen><\/iframe><\/p>\n","protected":false},"excerpt":{"rendered":"<p>Apertura del programa \u00abGuetap\u00bb -10\/Febrero- con Bertolt Brecht. Conducido por Reynaldo Sietecase en Radio Vorterix. Vosotros, que surgir\u00e9is del marasmo en el que nosotros nos hemos hundido, cuando habl\u00e9is de nuestras debilidades, pensad tambi\u00e9n en los tiempos sombr\u00edos de los que os hab\u00e9is escapado. Cambi\u00e1bamos de pa\u00eds como de zapatos a trav\u00e9s de las guerras [&hellip;]<\/p>\n","protected":false},"author":7,"featured_media":11691,"comment_status":"closed","ping_status":"closed","sticky":false,"template":"","format":"standard","meta":{"footnotes":""},"categories":[665],"tags":[2536,2364,919],"class_list":["post-11690","post","type-post","status-publish","format-standard","has-post-thumbnail","hentry","category-vorterix","tag-brecht","tag-guetap","tag-sietecase","has_thumb"],"_links":{"self":[{"href":"https:\/\/archivosonoro.com.ar\/wordpress\/index.php?rest_route=\/wp\/v2\/posts\/11690","targetHints":{"allow":["GET"]}}],"collection":[{"href":"https:\/\/archivosonoro.com.ar\/wordpress\/index.php?rest_route=\/wp\/v2\/posts"}],"about":[{"href":"https:\/\/archivosonoro.com.ar\/wordpress\/index.php?rest_route=\/wp\/v2\/types\/post"}],"author":[{"embeddable":true,"href":"https:\/\/archivosonoro.com.ar\/wordpress\/index.php?rest_route=\/wp\/v2\/users\/7"}],"replies":[{"embeddable":true,"href":"https:\/\/archivosonoro.com.ar\/wordpress\/index.php?rest_route=%2Fwp%2Fv2%2Fcomments&post=11690"}],"version-history":[{"count":1,"href":"https:\/\/archivosonoro.com.ar\/wordpress\/index.php?rest_route=\/wp\/v2\/posts\/11690\/revisions"}],"predecessor-version":[{"id":11692,"href":"https:\/\/archivosonoro.com.ar\/wordpress\/index.php?rest_route=\/wp\/v2\/posts\/11690\/revisions\/11692"}],"wp:featuredmedia":[{"embeddable":true,"href":"https:\/\/archivosonoro.com.ar\/wordpress\/index.php?rest_route=\/wp\/v2\/media\/11691"}],"wp:attachment":[{"href":"https:\/\/archivosonoro.com.ar\/wordpress\/index.php?rest_route=%2Fwp%2Fv2%2Fmedia&parent=11690"}],"wp:term":[{"taxonomy":"category","embeddable":true,"href":"https:\/\/archivosonoro.com.ar\/wordpress\/index.php?rest_route=%2Fwp%2Fv2%2Fcategories&post=11690"},{"taxonomy":"post_tag","embeddable":true,"href":"https:\/\/archivosonoro.com.ar\/wordpress\/index.php?rest_route=%2Fwp%2Fv2%2Ftags&post=11690"}],"curies":[{"name":"wp","href":"https:\/\/api.w.org\/{rel}","templated":true}]}}