{"id":11599,"date":"2015-02-01T10:16:42","date_gmt":"2015-02-01T13:16:42","guid":{"rendered":"http:\/\/archivosonoro.com.ar\/?p=11599"},"modified":"2015-02-01T11:59:12","modified_gmt":"2015-02-01T14:59:12","slug":"gustavo-melella-realizo-un-recorrido-por-los-temas-de-actualidad","status":"publish","type":"post","link":"https:\/\/archivosonoro.com.ar\/wordpress\/?p=11599","title":{"rendered":"\u00abEs necesario no hacerlo explotar al IPAUSS\u00bb"},"content":{"rendered":"<p>El intendente de la ciudad de R\u00edo Grande Gustavo Melella fue entrevistado durante la firma del contrato con la empresa Linea 7 de transporte de pasajeros, en la misma dio precisiones sobre la inclusi\u00f3n de todos los empleados de Taikre, el costo del boleto (que iniciar\u00e1 con el mismo valor el primer mes, aclarando que si cumple se discutir\u00e1 reci\u00e9n el incremento del mismo) y la implementaci\u00f3n de la tarjeta SUBE.<\/p>\n<p>En otro tramo de la nota agradeci\u00f3 el respaldo a su gesti\u00f3n del Senador Julio Catal\u00e1n Magni, ante la consulta de si a\u00fan no hab\u00eda \u00abdeshojado la margarita \u00bb dijo: \u00abalgunos p\u00e9talos ya se cayeron\u00bb ampliando que ahora el fuerte est\u00e1 centrado en la elecci\u00f3n de la ciudad y el lanzamiento de FORJA y de su candidatura que se realizar\u00e1 el 20 de febrero a las 20 hrs.<\/p>\n<p>Destac\u00f3 tambi\u00e9n el esfuerzo de la provincia y del Mtro. Monti para celebrar convenio de pago de deuda, destacando que estas demoras no frena las obras.<\/p>\n<p>Tambi\u00e9n tuvo palabras sobre el IPAUSS destacando que es necesario una reforma profunda, mencionando por ejemplo la Ley de los 25 inviernos: \u00abhay que rever eso y otras cuestiones, me parece que es necesario no hacerlo explotar al IPAUSS\u00bb.<\/p>\n<p>Sobre las obras a concluir: 3 Centros de Salud, skate park, pileta terap\u00e9utica, mucho pavimento Chacra 13, el ingreso y las veredas de la Margen sur, Planta elevadora, etc; aleg\u00f3 que es mucho trabajo por concluir, destacando el reciente dep\u00f3sito de Naci\u00f3n para la construcci\u00f3n de 50 nuevas viviendas, destacando el apoyo del mismo para un nuevo convenio.<\/p>\n<p><iframe loading=\"lazy\" src=\"https:\/\/app.box.com\/embed_widget\/s\/4gmkbcddhstam4rrkwn5c59tbcx0m0j2?theme=blue\" width=\"500\" height=\"400\" frameborder=\"0\"allowfullscreen webkitallowfullscreen msallowfullscreen><\/iframe><\/p>\n","protected":false},"excerpt":{"rendered":"<p>El intendente de la ciudad de R\u00edo Grande Gustavo Melella fue entrevistado durante la firma del contrato con la empresa Linea 7 de transporte de pasajeros, en la misma dio precisiones sobre la inclusi\u00f3n de todos los empleados de Taikre, el costo del boleto (que iniciar\u00e1 con el mismo valor el primer mes, aclarando que [&hellip;]<\/p>\n","protected":false},"author":7,"featured_media":11280,"comment_status":"closed","ping_status":"closed","sticky":false,"template":"","format":"standard","meta":{"footnotes":""},"categories":[2499,846],"tags":[5,1001,74],"class_list":["post-11599","post","type-post","status-publish","format-standard","has-post-thumbnail","hentry","category-actualidad","category-radio-fueguina","tag-ipauss","tag-ley-de-los-25-inviernos","tag-melella","has_thumb"],"_links":{"self":[{"href":"https:\/\/archivosonoro.com.ar\/wordpress\/index.php?rest_route=\/wp\/v2\/posts\/11599","targetHints":{"allow":["GET"]}}],"collection":[{"href":"https:\/\/archivosonoro.com.ar\/wordpress\/index.php?rest_route=\/wp\/v2\/posts"}],"about":[{"href":"https:\/\/archivosonoro.com.ar\/wordpress\/index.php?rest_route=\/wp\/v2\/types\/post"}],"author":[{"embeddable":true,"href":"https:\/\/archivosonoro.com.ar\/wordpress\/index.php?rest_route=\/wp\/v2\/users\/7"}],"replies":[{"embeddable":true,"href":"https:\/\/archivosonoro.com.ar\/wordpress\/index.php?rest_route=%2Fwp%2Fv2%2Fcomments&post=11599"}],"version-history":[{"count":3,"href":"https:\/\/archivosonoro.com.ar\/wordpress\/index.php?rest_route=\/wp\/v2\/posts\/11599\/revisions"}],"predecessor-version":[{"id":11606,"href":"https:\/\/archivosonoro.com.ar\/wordpress\/index.php?rest_route=\/wp\/v2\/posts\/11599\/revisions\/11606"}],"wp:featuredmedia":[{"embeddable":true,"href":"https:\/\/archivosonoro.com.ar\/wordpress\/index.php?rest_route=\/wp\/v2\/media\/11280"}],"wp:attachment":[{"href":"https:\/\/archivosonoro.com.ar\/wordpress\/index.php?rest_route=%2Fwp%2Fv2%2Fmedia&parent=11599"}],"wp:term":[{"taxonomy":"category","embeddable":true,"href":"https:\/\/archivosonoro.com.ar\/wordpress\/index.php?rest_route=%2Fwp%2Fv2%2Fcategories&post=11599"},{"taxonomy":"post_tag","embeddable":true,"href":"https:\/\/archivosonoro.com.ar\/wordpress\/index.php?rest_route=%2Fwp%2Fv2%2Ftags&post=11599"}],"curies":[{"name":"wp","href":"https:\/\/api.w.org\/{rel}","templated":true}]}}