{"id":11383,"date":"2014-12-30T10:05:39","date_gmt":"2014-12-30T13:05:39","guid":{"rendered":"http:\/\/archivosonoro.com.ar\/?p=11383"},"modified":"2014-12-30T10:05:39","modified_gmt":"2014-12-30T13:05:39","slug":"no-es-chacota-la-vida","status":"publish","type":"post","link":"https:\/\/archivosonoro.com.ar\/wordpress\/?p=11383","title":{"rendered":"No es chacota la vida"},"content":{"rendered":"<p>Apertura del programa \u00abGuetap\u00bb -30\/Diciembre- con Nazim Hikmet. Conducido por Reynaldo Sietecase en Radio Vorterix.<\/p>\n<p><strong>Sobre la vida<\/strong><\/p>\n<p>No es chacota la vida.<br \/>\nLa tomar\u00e1s en serio,<br \/>\ncomo lo hace la ardilla, por ejemplo,<br \/>\nsin esperar ayuda ni de aqu\u00ed ni de all\u00e1.<br \/>\nTu m\u00e1s serio quehacer ser\u00e1 vivir.<\/p>\n<p>No es chacota la vida.<br \/>\nLa tomar\u00e1s en serio,<br \/>\npero en serio a tal punto<br \/>\nque, puesto contra un muro, por ejemplo,<br \/>\ncon las manos atadas,<br \/>\no en un laboratorio,<br \/>\nde guardapolvo blanco y con grandes anteojos,<br \/>\nt\u00fa morir\u00e1s porque vivan los hombres,<br \/>\naun aquellos hombres<br \/>\ncuyo rostro ni siquiera conoces.<br \/>\nY morir\u00e1s sabiendo, ya sin ninguna duda,<br \/>\nque nada es m\u00e1s hermoso, m\u00e1s cierto que la vida.<\/p>\n<p>La tomar\u00e1s en serio,<br \/>\npero en serio a tal punto<br \/>\nque a los setenta a\u00f1os, por ejemplo,<br \/>\nplantar\u00e1s olivares,<br \/>\nno para que les queden a tus hijos,<br \/>\nsino porque, aunque temas a la muerte,<br \/>\nya no creer\u00e1s en ella,<br \/>\npuesto que en tu balanza<br \/>\nla vida habr\u00e1 pesado mucho m\u00e1s.<\/p>\n","protected":false},"excerpt":{"rendered":"<p>Apertura del programa \u00abGuetap\u00bb -30\/Diciembre- con Nazim Hikmet. Conducido por Reynaldo Sietecase en Radio Vorterix. Sobre la vida No es chacota la vida. La tomar\u00e1s en serio, como lo hace la ardilla, por ejemplo, sin esperar ayuda ni de aqu\u00ed ni de all\u00e1. Tu m\u00e1s serio quehacer ser\u00e1 vivir. No es chacota la vida. La [&hellip;]<\/p>\n","protected":false},"author":7,"featured_media":11384,"comment_status":"closed","ping_status":"closed","sticky":false,"template":"","format":"standard","meta":{"footnotes":""},"categories":[665],"tags":[2364,2516,919],"class_list":["post-11383","post","type-post","status-publish","format-standard","has-post-thumbnail","hentry","category-vorterix","tag-guetap","tag-hikmet","tag-sietecase","has_thumb"],"_links":{"self":[{"href":"https:\/\/archivosonoro.com.ar\/wordpress\/index.php?rest_route=\/wp\/v2\/posts\/11383","targetHints":{"allow":["GET"]}}],"collection":[{"href":"https:\/\/archivosonoro.com.ar\/wordpress\/index.php?rest_route=\/wp\/v2\/posts"}],"about":[{"href":"https:\/\/archivosonoro.com.ar\/wordpress\/index.php?rest_route=\/wp\/v2\/types\/post"}],"author":[{"embeddable":true,"href":"https:\/\/archivosonoro.com.ar\/wordpress\/index.php?rest_route=\/wp\/v2\/users\/7"}],"replies":[{"embeddable":true,"href":"https:\/\/archivosonoro.com.ar\/wordpress\/index.php?rest_route=%2Fwp%2Fv2%2Fcomments&post=11383"}],"version-history":[{"count":1,"href":"https:\/\/archivosonoro.com.ar\/wordpress\/index.php?rest_route=\/wp\/v2\/posts\/11383\/revisions"}],"predecessor-version":[{"id":11385,"href":"https:\/\/archivosonoro.com.ar\/wordpress\/index.php?rest_route=\/wp\/v2\/posts\/11383\/revisions\/11385"}],"wp:featuredmedia":[{"embeddable":true,"href":"https:\/\/archivosonoro.com.ar\/wordpress\/index.php?rest_route=\/wp\/v2\/media\/11384"}],"wp:attachment":[{"href":"https:\/\/archivosonoro.com.ar\/wordpress\/index.php?rest_route=%2Fwp%2Fv2%2Fmedia&parent=11383"}],"wp:term":[{"taxonomy":"category","embeddable":true,"href":"https:\/\/archivosonoro.com.ar\/wordpress\/index.php?rest_route=%2Fwp%2Fv2%2Fcategories&post=11383"},{"taxonomy":"post_tag","embeddable":true,"href":"https:\/\/archivosonoro.com.ar\/wordpress\/index.php?rest_route=%2Fwp%2Fv2%2Ftags&post=11383"}],"curies":[{"name":"wp","href":"https:\/\/api.w.org\/{rel}","templated":true}]}}