{"id":11321,"date":"2014-12-22T09:46:13","date_gmt":"2014-12-22T12:46:13","guid":{"rendered":"http:\/\/archivosonoro.com.ar\/?p=11321"},"modified":"2014-12-22T09:46:13","modified_gmt":"2014-12-22T12:46:13","slug":"balada-para-mi-muerte","status":"publish","type":"post","link":"https:\/\/archivosonoro.com.ar\/wordpress\/?p=11321","title":{"rendered":"Balada para mi muerte"},"content":{"rendered":"<p>Apertura del programa \u00abGuetap\u00bb -22\/Diciembre- con Horacio Ferrer. Conducido por Reynaldo Sietecase en Radio Vorterix.<\/p>\n<p><strong>Balada para mi muerte<\/strong><\/p>\n<p>Morir\u00e9 en Buenos Aires, ser\u00e1 de madrugada,<br \/>\nguardar\u00e9 mansamente las cosas de vivir,<br \/>\nmi peque\u00f1a poes\u00eda de adioses y de balas,<br \/>\nmi tabaco, mi tango, mi pu\u00f1ado de espl\u00edn.<\/p>\n<p>Me pondr\u00e9 por los hombros, de abrigo, toda el alba,<br \/>\nmi pen\u00faltimo whisky quedar\u00e1 sin beber,<br \/>\nllegar\u00e1, tangamente, mi muerte enamorada,<br \/>\nyo estar\u00e9 muerto, en punto, cuando sean las seis.<\/p>\n<p>Hoy que Dios me deja de so\u00f1ar,<br \/>\na mi olvido ir\u00e9 por Santa Fe,<br \/>\ns\u00e9 que en nuestra esquina vos ya est\u00e1s<br \/>\ntoda de tristeza, hasta los pies.<br \/>\nAbrazame fuerte que por dentro<br \/>\nme oigo muertes, viejas muertes,<br \/>\nagrediendo lo que am\u00e9.<br \/>\nAlma m\u00eda, vamos yendo,<br \/>\nllega el d\u00eda, no llor\u00e9s.<\/p>\n<p>Morir\u00e9 en Buenos Aires, ser\u00e1 de madrugada,<br \/>\nque es la hora en que mueren los que saben morir.<br \/>\nFlotar\u00e1 en mi silencio la mufa perfumada<br \/>\nde aquel verso que nunca yo te supe decir.<\/p>\n<p>Andar\u00e9 tantas cuadras y all\u00e1 en la plaza Francia,<br \/>\ncomo sombras fugadas de un cansado ballet,<br \/>\nrepitiendo tu nombre por una calle blanca,<br \/>\nse me ir\u00e1n los recuerdos en puntitas de pie.<\/p>\n<p>Morir\u00e9 en Buenos Aires, ser\u00e1 de madrugada,<br \/>\nguardar\u00e9 mansamente las cosas de vivir,<br \/>\nmi peque\u00f1a poes\u00eda de adioses y de balas,<br \/>\nmi tabaco, mi tango, mi pu\u00f1ado de espl\u00edn.<\/p>\n<p>Me pondr\u00e9 por los hombros, de abrigo, toda el alba,<br \/>\nmi pen\u00faltimo whisky quedar\u00e1 sin beber,<br \/>\nllegar\u00e1, tangamente, mi muerte enamorada,<br \/>\nyo estar\u00e9 muerto, en punto, cuando sean las seis,<br \/>\ncuando sean las seis, \u00a1cuando sean las seis!<\/p>\n<p><iframe loading=\"lazy\" src=\"https:\/\/app.box.com\/embed_widget\/s\/p4uh0tum13ojb10feyej?theme=blue\" width=\"500\" height=\"400\" frameborder=\"0\"allowfullscreen webkitallowfullscreen msallowfullscreen><\/iframe><\/p>\n","protected":false},"excerpt":{"rendered":"<p>Apertura del programa \u00abGuetap\u00bb -22\/Diciembre- con Horacio Ferrer. Conducido por Reynaldo Sietecase en Radio Vorterix. Balada para mi muerte Morir\u00e9 en Buenos Aires, ser\u00e1 de madrugada, guardar\u00e9 mansamente las cosas de vivir, mi peque\u00f1a poes\u00eda de adioses y de balas, mi tabaco, mi tango, mi pu\u00f1ado de espl\u00edn. Me pondr\u00e9 por los hombros, de abrigo, [&hellip;]<\/p>\n","protected":false},"author":7,"featured_media":11322,"comment_status":"closed","ping_status":"closed","sticky":false,"template":"","format":"standard","meta":{"footnotes":""},"categories":[665],"tags":[2508,2364,919],"class_list":["post-11321","post","type-post","status-publish","format-standard","has-post-thumbnail","hentry","category-vorterix","tag-ferrer","tag-guetap","tag-sietecase","has_thumb"],"_links":{"self":[{"href":"https:\/\/archivosonoro.com.ar\/wordpress\/index.php?rest_route=\/wp\/v2\/posts\/11321","targetHints":{"allow":["GET"]}}],"collection":[{"href":"https:\/\/archivosonoro.com.ar\/wordpress\/index.php?rest_route=\/wp\/v2\/posts"}],"about":[{"href":"https:\/\/archivosonoro.com.ar\/wordpress\/index.php?rest_route=\/wp\/v2\/types\/post"}],"author":[{"embeddable":true,"href":"https:\/\/archivosonoro.com.ar\/wordpress\/index.php?rest_route=\/wp\/v2\/users\/7"}],"replies":[{"embeddable":true,"href":"https:\/\/archivosonoro.com.ar\/wordpress\/index.php?rest_route=%2Fwp%2Fv2%2Fcomments&post=11321"}],"version-history":[{"count":1,"href":"https:\/\/archivosonoro.com.ar\/wordpress\/index.php?rest_route=\/wp\/v2\/posts\/11321\/revisions"}],"predecessor-version":[{"id":11323,"href":"https:\/\/archivosonoro.com.ar\/wordpress\/index.php?rest_route=\/wp\/v2\/posts\/11321\/revisions\/11323"}],"wp:featuredmedia":[{"embeddable":true,"href":"https:\/\/archivosonoro.com.ar\/wordpress\/index.php?rest_route=\/wp\/v2\/media\/11322"}],"wp:attachment":[{"href":"https:\/\/archivosonoro.com.ar\/wordpress\/index.php?rest_route=%2Fwp%2Fv2%2Fmedia&parent=11321"}],"wp:term":[{"taxonomy":"category","embeddable":true,"href":"https:\/\/archivosonoro.com.ar\/wordpress\/index.php?rest_route=%2Fwp%2Fv2%2Fcategories&post=11321"},{"taxonomy":"post_tag","embeddable":true,"href":"https:\/\/archivosonoro.com.ar\/wordpress\/index.php?rest_route=%2Fwp%2Fv2%2Ftags&post=11321"}],"curies":[{"name":"wp","href":"https:\/\/api.w.org\/{rel}","templated":true}]}}