{"id":11287,"date":"2014-12-20T16:43:04","date_gmt":"2014-12-20T19:43:04","guid":{"rendered":"http:\/\/archivosonoro.com.ar\/?p=11287"},"modified":"2014-12-20T16:42:27","modified_gmt":"2014-12-20T19:42:27","slug":"dos-preguntan-el-programa-que-se-emite-los-sabados-por-fm-la-tecno-4","status":"publish","type":"post","link":"https:\/\/archivosonoro.com.ar\/wordpress\/?p=11287","title":{"rendered":"Dos preguntan, el programa que se emite los s\u00e1bados por FM La Tecno"},"content":{"rendered":"<p>Ponemos a disposici\u00f3n el programa del s\u00e1bado 20 de diciembre.<\/p>\n<p><strong>Apertura del programa, los temas que se abordar\u00e1n. Editorial.<\/strong><br \/>\n<iframe loading=\"lazy\" src=\"https:\/\/app.box.com\/embed_widget\/s\/idtgq4h1r6c4y59x8sj0?theme=blue\" width=\"500\" height=\"400\" frameborder=\"0\"allowfullscreen webkitallowfullscreen msallowfullscreen><\/iframe><\/p>\n<p><strong>Mu\u00f1oz M<\/strong>, Pte. Cjo. Del. Tolhuin.<br \/>\nEl audio haciendo <a href=\"https:\/\/app.box.com\/s\/4y7keg3yplxlu6jjsz5a\" target=\"_blank\">click aqu\u00ed<\/a>.<\/p>\n<p><strong>Ruiz O<\/strong>, Dir. Hospital Regional R\u00edo Grande.<br \/>\nEl audio haciendo <a href=\"https:\/\/app.box.com\/s\/s79n37urafnkozi58hm3\" target=\"_blank\">click aqu\u00ed<\/a>.<\/p>\n<p><strong>Boyadjian M<\/strong>, Concejal por el MPF.<br \/>\nEl audio haciendo <a href=\"https:\/\/app.box.com\/s\/fgv6g46lvolfje9gqgpz\" target=\"_blank\">click aqu\u00ed<\/a>.<\/p>\n<p><strong>Bello C, Pastoriza G<\/strong>; Matadero Ushuaia.<br \/>\nEl audio haciendo <a href=\"https:\/\/app.box.com\/s\/kkh9ncsqht88xkawpwmr\" target=\"_blank\">click aqu\u00ed<\/a>.<\/p>\n<p><strong>Cierre del Programa<\/strong><br \/>\nEl audio haciendo <a href=\"https:\/\/app.box.com\/s\/cn7qk56p54mb3xgoz8mp\" target=\"_blank\">click aqu\u00ed<\/a>.<\/p>\n","protected":false},"excerpt":{"rendered":"<p>Ponemos a disposici\u00f3n el programa del s\u00e1bado 20 de diciembre. Apertura del programa, los temas que se abordar\u00e1n. Editorial. Mu\u00f1oz M, Pte. Cjo. Del. Tolhuin. El audio haciendo click aqu\u00ed. Ruiz O, Dir. Hospital Regional R\u00edo Grande. El audio haciendo click aqu\u00ed. Boyadjian M, Concejal por el MPF. El audio haciendo click aqu\u00ed. Bello C, [&hellip;]<\/p>\n","protected":false},"author":7,"featured_media":11299,"comment_status":"closed","ping_status":"closed","sticky":false,"template":"","format":"standard","meta":{"footnotes":""},"categories":[2366],"tags":[1577,338,132,769,481,667,684,239,203],"class_list":["post-11287","post","type-post","status-publish","format-standard","has-post-thumbnail","hentry","category-fmlatecno","tag-bello","tag-boyadjian","tag-hrrg","tag-matadero-municipal","tag-mpf","tag-munoz","tag-pastoriza","tag-ruiz","tag-tolhuin","has_thumb"],"_links":{"self":[{"href":"https:\/\/archivosonoro.com.ar\/wordpress\/index.php?rest_route=\/wp\/v2\/posts\/11287","targetHints":{"allow":["GET"]}}],"collection":[{"href":"https:\/\/archivosonoro.com.ar\/wordpress\/index.php?rest_route=\/wp\/v2\/posts"}],"about":[{"href":"https:\/\/archivosonoro.com.ar\/wordpress\/index.php?rest_route=\/wp\/v2\/types\/post"}],"author":[{"embeddable":true,"href":"https:\/\/archivosonoro.com.ar\/wordpress\/index.php?rest_route=\/wp\/v2\/users\/7"}],"replies":[{"embeddable":true,"href":"https:\/\/archivosonoro.com.ar\/wordpress\/index.php?rest_route=%2Fwp%2Fv2%2Fcomments&post=11287"}],"version-history":[{"count":2,"href":"https:\/\/archivosonoro.com.ar\/wordpress\/index.php?rest_route=\/wp\/v2\/posts\/11287\/revisions"}],"predecessor-version":[{"id":11300,"href":"https:\/\/archivosonoro.com.ar\/wordpress\/index.php?rest_route=\/wp\/v2\/posts\/11287\/revisions\/11300"}],"wp:featuredmedia":[{"embeddable":true,"href":"https:\/\/archivosonoro.com.ar\/wordpress\/index.php?rest_route=\/wp\/v2\/media\/11299"}],"wp:attachment":[{"href":"https:\/\/archivosonoro.com.ar\/wordpress\/index.php?rest_route=%2Fwp%2Fv2%2Fmedia&parent=11287"}],"wp:term":[{"taxonomy":"category","embeddable":true,"href":"https:\/\/archivosonoro.com.ar\/wordpress\/index.php?rest_route=%2Fwp%2Fv2%2Fcategories&post=11287"},{"taxonomy":"post_tag","embeddable":true,"href":"https:\/\/archivosonoro.com.ar\/wordpress\/index.php?rest_route=%2Fwp%2Fv2%2Ftags&post=11287"}],"curies":[{"name":"wp","href":"https:\/\/api.w.org\/{rel}","templated":true}]}}