{"id":11265,"date":"2014-12-18T10:11:54","date_gmt":"2014-12-18T13:11:54","guid":{"rendered":"http:\/\/archivosonoro.com.ar\/?p=11265"},"modified":"2014-12-18T10:11:54","modified_gmt":"2014-12-18T13:11:54","slug":"no-se-porque-piensas-tu","status":"publish","type":"post","link":"https:\/\/archivosonoro.com.ar\/wordpress\/?p=11265","title":{"rendered":"No se porque piensas tu"},"content":{"rendered":"<p>Apertura del programa \u00abGuetap\u00bb -18\/Diciembre- con Nicol\u00e1s Guill\u00e9n. Conducido por Reynaldo Sietecase en Radio Vorterix.<\/p>\n<p><strong>No se porque piensas tu<\/strong><\/p>\n<p>No s\u00e9 por qu\u00e9 piensas t\u00fa,<br \/>\nsoldado, que te odio yo,<br \/>\nsi somos la misma cosa<br \/>\nyo,<br \/>\nt\u00fa.<\/p>\n<p>T\u00fa eres pobre, lo soy yo;<br \/>\nsoy de abajo, lo eres t\u00fa;<br \/>\n\u00bfde d\u00f3nde has sacado t\u00fa,<br \/>\nsoldado, que te odio yo?<\/p>\n<p>Me duele que a veces t\u00fa<br \/>\nte olvides de qui\u00e9n soy yo;<br \/>\ncaramba, si yo soy t\u00fa,<br \/>\nlo mismo que t\u00fa eres yo.<\/p>\n<p>Pero no por eso yo<br \/>\nhe de malquererte, t\u00fa;<br \/>\nsi somos la misma cosa,<br \/>\nyo,<br \/>\nt\u00fa,<br \/>\nno s\u00e9 por qu\u00e9 piensas t\u00fa,<br \/>\nsoldado, que te odio yo.<\/p>\n<p>Ya nos veremos yo y t\u00fa,<br \/>\njuntos en la misma calle,<br \/>\nhombro con hombro, t\u00fa y yo,<br \/>\nsin odios ni yo ni t\u00fa,<br \/>\npero sabiendo t\u00fa y yo,<br \/>\na d\u00f3nde vamos yo y t\u00fa&#8230;<br \/>\n\u00a1no s\u00e9 por qu\u00e9 piensas t\u00fa,<br \/>\nsoldado, que te odio yo!<\/p>\n<p><iframe loading=\"lazy\" src=\"https:\/\/app.box.com\/embed_widget\/s\/rw4b1rcrz2tv0q3lq4pb?theme=blue\" width=\"500\" height=\"400\" frameborder=\"0\"allowfullscreen webkitallowfullscreen msallowfullscreen><\/iframe><\/p>\n","protected":false},"excerpt":{"rendered":"<p>Apertura del programa \u00abGuetap\u00bb -18\/Diciembre- con Nicol\u00e1s Guill\u00e9n. Conducido por Reynaldo Sietecase en Radio Vorterix. No se porque piensas tu No s\u00e9 por qu\u00e9 piensas t\u00fa, soldado, que te odio yo, si somos la misma cosa yo, t\u00fa. T\u00fa eres pobre, lo soy yo; soy de abajo, lo eres t\u00fa; \u00bfde d\u00f3nde has sacado t\u00fa, [&hellip;]<\/p>\n","protected":false},"author":7,"featured_media":11266,"comment_status":"closed","ping_status":"closed","sticky":false,"template":"","format":"standard","meta":{"footnotes":""},"categories":[665],"tags":[2364,625,919],"class_list":["post-11265","post","type-post","status-publish","format-standard","has-post-thumbnail","hentry","category-vorterix","tag-guetap","tag-guillen","tag-sietecase","has_thumb"],"_links":{"self":[{"href":"https:\/\/archivosonoro.com.ar\/wordpress\/index.php?rest_route=\/wp\/v2\/posts\/11265","targetHints":{"allow":["GET"]}}],"collection":[{"href":"https:\/\/archivosonoro.com.ar\/wordpress\/index.php?rest_route=\/wp\/v2\/posts"}],"about":[{"href":"https:\/\/archivosonoro.com.ar\/wordpress\/index.php?rest_route=\/wp\/v2\/types\/post"}],"author":[{"embeddable":true,"href":"https:\/\/archivosonoro.com.ar\/wordpress\/index.php?rest_route=\/wp\/v2\/users\/7"}],"replies":[{"embeddable":true,"href":"https:\/\/archivosonoro.com.ar\/wordpress\/index.php?rest_route=%2Fwp%2Fv2%2Fcomments&post=11265"}],"version-history":[{"count":1,"href":"https:\/\/archivosonoro.com.ar\/wordpress\/index.php?rest_route=\/wp\/v2\/posts\/11265\/revisions"}],"predecessor-version":[{"id":11267,"href":"https:\/\/archivosonoro.com.ar\/wordpress\/index.php?rest_route=\/wp\/v2\/posts\/11265\/revisions\/11267"}],"wp:featuredmedia":[{"embeddable":true,"href":"https:\/\/archivosonoro.com.ar\/wordpress\/index.php?rest_route=\/wp\/v2\/media\/11266"}],"wp:attachment":[{"href":"https:\/\/archivosonoro.com.ar\/wordpress\/index.php?rest_route=%2Fwp%2Fv2%2Fmedia&parent=11265"}],"wp:term":[{"taxonomy":"category","embeddable":true,"href":"https:\/\/archivosonoro.com.ar\/wordpress\/index.php?rest_route=%2Fwp%2Fv2%2Fcategories&post=11265"},{"taxonomy":"post_tag","embeddable":true,"href":"https:\/\/archivosonoro.com.ar\/wordpress\/index.php?rest_route=%2Fwp%2Fv2%2Ftags&post=11265"}],"curies":[{"name":"wp","href":"https:\/\/api.w.org\/{rel}","templated":true}]}}