{"id":11241,"date":"2014-12-17T20:29:13","date_gmt":"2014-12-17T23:29:13","guid":{"rendered":"http:\/\/archivosonoro.com.ar\/?p=11241"},"modified":"2014-12-17T20:30:02","modified_gmt":"2014-12-17T23:30:02","slug":"se-todos-los-cuentos","status":"publish","type":"post","link":"https:\/\/archivosonoro.com.ar\/wordpress\/?p=11241","title":{"rendered":"Se todos los cuentos"},"content":{"rendered":"<p>Apertura del programa \u00abGuetap\u00bb -17\/Diciembre- con Le\u00f3n Felipe. Conducido por Reynaldo Sietecase en Radio Vorterix.<\/p>\n<p>Yo no s\u00e9 muchas cosas, es verdad.<br \/>\nDigo tan s\u00f3lo lo que he visto.<br \/>\nY he visto:<br \/>\nque la cuna del hombre la mecen con cuentos,<br \/>\nque los gritos de angustia del hombre los ahogan con cuentos,<br \/>\nque el llanto del hombre lo taponan con cuentos,<br \/>\nque los huesos del hombre los entierran con cuentos,<br \/>\ny que el miedo del hombre&#8230;<br \/>\nha inventado todos los cuentos.<br \/>\nYo no s\u00e9 muchas cosas, es verdad,<br \/>\npero me han dormido con todos los cuentos&#8230;<br \/>\ny s\u00e9 todos los cuentos.<\/p>\n<p>Lee todo en: S\u00c9 TODOS LOS CUENTOS &#8211; Poemas de Le\u00f3n Felipe http:\/\/www.poemas-del-alma.com\/leon-felipe-se-todos-los-cuentos.htm#ixzz3MCVry8rt<\/p>\n","protected":false},"excerpt":{"rendered":"<p>Apertura del programa \u00abGuetap\u00bb -17\/Diciembre- con Le\u00f3n Felipe. Conducido por Reynaldo Sietecase en Radio Vorterix. Yo no s\u00e9 muchas cosas, es verdad. Digo tan s\u00f3lo lo que he visto. Y he visto: que la cuna del hombre la mecen con cuentos, que los gritos de angustia del hombre los ahogan con cuentos, que el llanto [&hellip;]<\/p>\n","protected":false},"author":7,"featured_media":11190,"comment_status":"closed","ping_status":"closed","sticky":false,"template":"","format":"standard","meta":{"footnotes":""},"categories":[665],"tags":[2364,2498,919],"class_list":["post-11241","post","type-post","status-publish","format-standard","has-post-thumbnail","hentry","category-vorterix","tag-guetap","tag-leon","tag-sietecase","has_thumb"],"_links":{"self":[{"href":"https:\/\/archivosonoro.com.ar\/wordpress\/index.php?rest_route=\/wp\/v2\/posts\/11241","targetHints":{"allow":["GET"]}}],"collection":[{"href":"https:\/\/archivosonoro.com.ar\/wordpress\/index.php?rest_route=\/wp\/v2\/posts"}],"about":[{"href":"https:\/\/archivosonoro.com.ar\/wordpress\/index.php?rest_route=\/wp\/v2\/types\/post"}],"author":[{"embeddable":true,"href":"https:\/\/archivosonoro.com.ar\/wordpress\/index.php?rest_route=\/wp\/v2\/users\/7"}],"replies":[{"embeddable":true,"href":"https:\/\/archivosonoro.com.ar\/wordpress\/index.php?rest_route=%2Fwp%2Fv2%2Fcomments&post=11241"}],"version-history":[{"count":1,"href":"https:\/\/archivosonoro.com.ar\/wordpress\/index.php?rest_route=\/wp\/v2\/posts\/11241\/revisions"}],"predecessor-version":[{"id":11242,"href":"https:\/\/archivosonoro.com.ar\/wordpress\/index.php?rest_route=\/wp\/v2\/posts\/11241\/revisions\/11242"}],"wp:featuredmedia":[{"embeddable":true,"href":"https:\/\/archivosonoro.com.ar\/wordpress\/index.php?rest_route=\/wp\/v2\/media\/11190"}],"wp:attachment":[{"href":"https:\/\/archivosonoro.com.ar\/wordpress\/index.php?rest_route=%2Fwp%2Fv2%2Fmedia&parent=11241"}],"wp:term":[{"taxonomy":"category","embeddable":true,"href":"https:\/\/archivosonoro.com.ar\/wordpress\/index.php?rest_route=%2Fwp%2Fv2%2Fcategories&post=11241"},{"taxonomy":"post_tag","embeddable":true,"href":"https:\/\/archivosonoro.com.ar\/wordpress\/index.php?rest_route=%2Fwp%2Fv2%2Ftags&post=11241"}],"curies":[{"name":"wp","href":"https:\/\/api.w.org\/{rel}","templated":true}]}}