{"id":11238,"date":"2014-12-17T20:25:55","date_gmt":"2014-12-17T23:25:55","guid":{"rendered":"http:\/\/archivosonoro.com.ar\/?p=11238"},"modified":"2014-12-17T20:25:55","modified_gmt":"2014-12-17T23:25:55","slug":"si-uno-lee-exactamente-la-ley-audiovisual-estas-adecuaciones-no-deberian-haber-sido-aprobadas","status":"publish","type":"post","link":"https:\/\/archivosonoro.com.ar\/wordpress\/?p=11238","title":{"rendered":"\u00abSi uno lee exactamente la ley audiovisual estas adecuaciones no deber\u00edan haber sido aprobadas\u00bb"},"content":{"rendered":"<p>As\u00ed lo dijo el Profesor de la Universidad Nacional de Quilmes, Mart\u00edn Becerra, al ser entrevistado por Guetap en Radio Vorterix.<\/p>\n<p>Al ser consultado sobre una declaraci\u00f3n antigua (\u00abHay tres sectores que no quieren la aplicaci\u00f3n fuerte y plena de la ley de medios: el grupo Clar\u00edn, la oposici\u00f3n y el gobierno\u00bb) manifest\u00f3 que as\u00ed lo cree todav\u00eda.<\/p>\n<p><iframe loading=\"lazy\" src=\"https:\/\/app.box.com\/embed_widget\/s\/e3pg7joeedhqaxu49r8l?theme=blue\" width=\"500\" height=\"400\" frameborder=\"0\"allowfullscreen webkitallowfullscreen msallowfullscreen><\/iframe><\/p>\n","protected":false},"excerpt":{"rendered":"<p>As\u00ed lo dijo el Profesor de la Universidad Nacional de Quilmes, Mart\u00edn Becerra, al ser entrevistado por Guetap en Radio Vorterix. Al ser consultado sobre una declaraci\u00f3n antigua (\u00abHay tres sectores que no quieren la aplicaci\u00f3n fuerte y plena de la ley de medios: el grupo Clar\u00edn, la oposici\u00f3n y el gobierno\u00bb) manifest\u00f3 que as\u00ed [&hellip;]<\/p>\n","protected":false},"author":7,"featured_media":11239,"comment_status":"closed","ping_status":"closed","sticky":false,"template":"","format":"standard","meta":{"footnotes":""},"categories":[2499,665],"tags":[2502,1216,2364],"class_list":["post-11238","post","type-post","status-publish","format-standard","has-post-thumbnail","hentry","category-actualidad","category-vorterix","tag-audiovisual","tag-becerra","tag-guetap","has_thumb"],"_links":{"self":[{"href":"https:\/\/archivosonoro.com.ar\/wordpress\/index.php?rest_route=\/wp\/v2\/posts\/11238","targetHints":{"allow":["GET"]}}],"collection":[{"href":"https:\/\/archivosonoro.com.ar\/wordpress\/index.php?rest_route=\/wp\/v2\/posts"}],"about":[{"href":"https:\/\/archivosonoro.com.ar\/wordpress\/index.php?rest_route=\/wp\/v2\/types\/post"}],"author":[{"embeddable":true,"href":"https:\/\/archivosonoro.com.ar\/wordpress\/index.php?rest_route=\/wp\/v2\/users\/7"}],"replies":[{"embeddable":true,"href":"https:\/\/archivosonoro.com.ar\/wordpress\/index.php?rest_route=%2Fwp%2Fv2%2Fcomments&post=11238"}],"version-history":[{"count":1,"href":"https:\/\/archivosonoro.com.ar\/wordpress\/index.php?rest_route=\/wp\/v2\/posts\/11238\/revisions"}],"predecessor-version":[{"id":11240,"href":"https:\/\/archivosonoro.com.ar\/wordpress\/index.php?rest_route=\/wp\/v2\/posts\/11238\/revisions\/11240"}],"wp:featuredmedia":[{"embeddable":true,"href":"https:\/\/archivosonoro.com.ar\/wordpress\/index.php?rest_route=\/wp\/v2\/media\/11239"}],"wp:attachment":[{"href":"https:\/\/archivosonoro.com.ar\/wordpress\/index.php?rest_route=%2Fwp%2Fv2%2Fmedia&parent=11238"}],"wp:term":[{"taxonomy":"category","embeddable":true,"href":"https:\/\/archivosonoro.com.ar\/wordpress\/index.php?rest_route=%2Fwp%2Fv2%2Fcategories&post=11238"},{"taxonomy":"post_tag","embeddable":true,"href":"https:\/\/archivosonoro.com.ar\/wordpress\/index.php?rest_route=%2Fwp%2Fv2%2Ftags&post=11238"}],"curies":[{"name":"wp","href":"https:\/\/api.w.org\/{rel}","templated":true}]}}