{"id":11217,"date":"2014-12-16T13:59:52","date_gmt":"2014-12-16T16:59:52","guid":{"rendered":"http:\/\/archivosonoro.com.ar\/?p=11217"},"modified":"2014-12-16T14:01:58","modified_gmt":"2014-12-16T17:01:58","slug":"luis-castelli-critico-la-alianza-mpf-con-ucr-es-inedito","status":"publish","type":"post","link":"https:\/\/archivosonoro.com.ar\/wordpress\/?p=11217","title":{"rendered":"Luis Castelli critic\u00f3 la alianza MPF con UCR: \u00abes in\u00e9dito\u00bb"},"content":{"rendered":"<p>Luis Castelli, referente del MPF (Garramu\u00f1o), fue entrevistado por FM Aire Libre.<\/p>\n<p>\u00abNo entendemos cual es el sentido (&#8230;) por acordar un procedimiento que se sale del procedimiento hist\u00f3rico del Movimiento al querer incorporar a la decisi\u00f3n a afiliados a otros partidos pol\u00edticos. La verdad es in\u00e9dito.<\/p>\n<p><iframe loading=\"lazy\" src=\"https:\/\/app.box.com\/embed_widget\/s\/e1v7ro8056j4xpzlyo0v?theme=blue\" width=\"500\" height=\"400\" frameborder=\"0\"allowfullscreen webkitallowfullscreen msallowfullscreen><\/iframe><\/p>\n","protected":false},"excerpt":{"rendered":"<p>Luis Castelli, referente del MPF (Garramu\u00f1o), fue entrevistado por FM Aire Libre. \u00abNo entendemos cual es el sentido (&#8230;) por acordar un procedimiento que se sale del procedimiento hist\u00f3rico del Movimiento al querer incorporar a la decisi\u00f3n a afiliados a otros partidos pol\u00edticos. La verdad es in\u00e9dito.<\/p>\n","protected":false},"author":7,"featured_media":11219,"comment_status":"open","ping_status":"open","sticky":false,"template":"","format":"standard","meta":{"footnotes":""},"categories":[2499,45],"tags":[2501,480,481,87],"class_list":["post-11217","post","type-post","status-publish","format-standard","has-post-thumbnail","hentry","category-actualidad","category-fm-aire-libre","tag-castelli","tag-garramuno","tag-mpf","tag-ucr","has_thumb"],"_links":{"self":[{"href":"https:\/\/archivosonoro.com.ar\/wordpress\/index.php?rest_route=\/wp\/v2\/posts\/11217","targetHints":{"allow":["GET"]}}],"collection":[{"href":"https:\/\/archivosonoro.com.ar\/wordpress\/index.php?rest_route=\/wp\/v2\/posts"}],"about":[{"href":"https:\/\/archivosonoro.com.ar\/wordpress\/index.php?rest_route=\/wp\/v2\/types\/post"}],"author":[{"embeddable":true,"href":"https:\/\/archivosonoro.com.ar\/wordpress\/index.php?rest_route=\/wp\/v2\/users\/7"}],"replies":[{"embeddable":true,"href":"https:\/\/archivosonoro.com.ar\/wordpress\/index.php?rest_route=%2Fwp%2Fv2%2Fcomments&post=11217"}],"version-history":[{"count":1,"href":"https:\/\/archivosonoro.com.ar\/wordpress\/index.php?rest_route=\/wp\/v2\/posts\/11217\/revisions"}],"predecessor-version":[{"id":11218,"href":"https:\/\/archivosonoro.com.ar\/wordpress\/index.php?rest_route=\/wp\/v2\/posts\/11217\/revisions\/11218"}],"wp:featuredmedia":[{"embeddable":true,"href":"https:\/\/archivosonoro.com.ar\/wordpress\/index.php?rest_route=\/wp\/v2\/media\/11219"}],"wp:attachment":[{"href":"https:\/\/archivosonoro.com.ar\/wordpress\/index.php?rest_route=%2Fwp%2Fv2%2Fmedia&parent=11217"}],"wp:term":[{"taxonomy":"category","embeddable":true,"href":"https:\/\/archivosonoro.com.ar\/wordpress\/index.php?rest_route=%2Fwp%2Fv2%2Fcategories&post=11217"},{"taxonomy":"post_tag","embeddable":true,"href":"https:\/\/archivosonoro.com.ar\/wordpress\/index.php?rest_route=%2Fwp%2Fv2%2Ftags&post=11217"}],"curies":[{"name":"wp","href":"https:\/\/api.w.org\/{rel}","templated":true}]}}