{"id":11211,"date":"2014-12-16T13:47:38","date_gmt":"2014-12-16T16:47:38","guid":{"rendered":"http:\/\/archivosonoro.com.ar\/?p=11211"},"modified":"2014-12-16T13:52:52","modified_gmt":"2014-12-16T16:52:52","slug":"problematica-matadero-municipal-fabian-boyeras","status":"publish","type":"post","link":"https:\/\/archivosonoro.com.ar\/wordpress\/?p=11211","title":{"rendered":"Problem\u00e1tica matadero municipal: Fabi\u00e1n Boyeras"},"content":{"rendered":"<p>El secretario de Desarrollo Sustentable y medio ambiente de la provincia, Fabi\u00e1n Boyeras, fue entrevistado en FM 100.7.<\/p>\n<p>\u00abEn el d\u00eda de hoy he firmado la resoluci\u00f3n N\u00b0 884 que renueva la habilitaci\u00f3n al matadero municipal para la faena de ovinos (corderos) por un tiempo de 120 d\u00edas. Es una habilitaci\u00f3n transitoria.\u00bb<\/p>\n<p><iframe loading=\"lazy\" src=\"https:\/\/app.box.com\/embed_widget\/s\/jmz20bbc0iezmv4rk016?theme=blue\" width=\"500\" height=\"400\" frameborder=\"0\"allowfullscreen webkitallowfullscreen msallowfullscreen><\/iframe><\/p>\n","protected":false},"excerpt":{"rendered":"<p>El secretario de Desarrollo Sustentable y medio ambiente de la provincia, Fabi\u00e1n Boyeras, fue entrevistado en FM 100.7. \u00abEn el d\u00eda de hoy he firmado la resoluci\u00f3n N\u00b0 884 que renueva la habilitaci\u00f3n al matadero municipal para la faena de ovinos (corderos) por un tiempo de 120 d\u00edas. Es una habilitaci\u00f3n transitoria.\u00bb<\/p>\n","protected":false},"author":7,"featured_media":11212,"comment_status":"open","ping_status":"open","sticky":false,"template":"","format":"standard","meta":{"footnotes":""},"categories":[2499,2389],"tags":[1117,769],"class_list":["post-11211","post","type-post","status-publish","format-standard","has-post-thumbnail","hentry","category-actualidad","category-fm-100-7","tag-boyeras","tag-matadero-municipal","has_thumb"],"_links":{"self":[{"href":"https:\/\/archivosonoro.com.ar\/wordpress\/index.php?rest_route=\/wp\/v2\/posts\/11211","targetHints":{"allow":["GET"]}}],"collection":[{"href":"https:\/\/archivosonoro.com.ar\/wordpress\/index.php?rest_route=\/wp\/v2\/posts"}],"about":[{"href":"https:\/\/archivosonoro.com.ar\/wordpress\/index.php?rest_route=\/wp\/v2\/types\/post"}],"author":[{"embeddable":true,"href":"https:\/\/archivosonoro.com.ar\/wordpress\/index.php?rest_route=\/wp\/v2\/users\/7"}],"replies":[{"embeddable":true,"href":"https:\/\/archivosonoro.com.ar\/wordpress\/index.php?rest_route=%2Fwp%2Fv2%2Fcomments&post=11211"}],"version-history":[{"count":1,"href":"https:\/\/archivosonoro.com.ar\/wordpress\/index.php?rest_route=\/wp\/v2\/posts\/11211\/revisions"}],"predecessor-version":[{"id":11213,"href":"https:\/\/archivosonoro.com.ar\/wordpress\/index.php?rest_route=\/wp\/v2\/posts\/11211\/revisions\/11213"}],"wp:featuredmedia":[{"embeddable":true,"href":"https:\/\/archivosonoro.com.ar\/wordpress\/index.php?rest_route=\/wp\/v2\/media\/11212"}],"wp:attachment":[{"href":"https:\/\/archivosonoro.com.ar\/wordpress\/index.php?rest_route=%2Fwp%2Fv2%2Fmedia&parent=11211"}],"wp:term":[{"taxonomy":"category","embeddable":true,"href":"https:\/\/archivosonoro.com.ar\/wordpress\/index.php?rest_route=%2Fwp%2Fv2%2Fcategories&post=11211"},{"taxonomy":"post_tag","embeddable":true,"href":"https:\/\/archivosonoro.com.ar\/wordpress\/index.php?rest_route=%2Fwp%2Fv2%2Ftags&post=11211"}],"curies":[{"name":"wp","href":"https:\/\/api.w.org\/{rel}","templated":true}]}}