{"id":11167,"date":"2014-12-15T11:41:27","date_gmt":"2014-12-15T14:41:27","guid":{"rendered":"http:\/\/archivosonoro.com.ar\/?p=11167"},"modified":"2014-12-16T13:01:39","modified_gmt":"2014-12-16T16:01:39","slug":"oda-a-la-cebolla","status":"publish","type":"post","link":"https:\/\/archivosonoro.com.ar\/wordpress\/?p=11167","title":{"rendered":"Oda a la Cebolla"},"content":{"rendered":"<p>Apertura del programa \u00abGuetap\u00bb -15\/Diciembre- con Pablo Neruda. Conducido por Reynaldo Sietecase en Radio Vorterix.<\/p>\n<p><strong>Oda a la cebolla<\/strong><br \/>\nCebolla,<br \/>\nluminosa redoma,<br \/>\np\u00e9talo a p\u00e9talo<br \/>\nse form\u00f3 tu hermosura,<br \/>\nescamas de cristal te acrecentaron<br \/>\ny en el secreto de la tierra oscura<br \/>\nse redonde\u00f3 tu vientre de roc\u00edo.<br \/>\nBajo la tierra<br \/>\nfue el milagro<br \/>\ny cuando apareci\u00f3<br \/>\ntu torpe tallo verde,<br \/>\ny nacieron<br \/>\ntus hojas como espadas en el huerto,<br \/>\nla tierra acumul\u00f3 su poder\u00edo<br \/>\nmostrando tu desnuda transparencia,<br \/>\ny como en Afrodita el mar remoto<br \/>\nduplic\u00f3 la magnolia<br \/>\nlevantando sus senos,<br \/>\nla tierra<br \/>\nas\u00ed te hizo,<br \/>\ncebolla,<br \/>\nclara como un planeta,<br \/>\ny destinada<br \/>\na relucir,<br \/>\nconstelaci\u00f3n constante,<br \/>\nredonda rosa de agua,<br \/>\nsobre<br \/>\nla mesa<br \/>\nde las pobres gentes.<\/p>\n<p>Generosa<br \/>\ndeshaces<br \/>\ntu globo de frescura<br \/>\nen la consumaci\u00f3n<br \/>\nferviente de la olla,<br \/>\ny el jir\u00f3n de cristal<br \/>\nal calor encendido del aceite<br \/>\nse transforma en rizada pluma de oro.<\/p>\n<p>Tambi\u00e9n recordar\u00e9 c\u00f3mo fecunda<br \/>\ntu influencia el amor de la ensalada,<br \/>\ny parece que el cielo contribuye<br \/>\nd\u00e1ndole fina forma de granizo<br \/>\na celebrar tu claridad picada<br \/>\nsobre los hemisferios del tomate.<br \/>\nPero al alcance<br \/>\nde las manos del pueblo,<br \/>\nregada con aceite,<br \/>\nespolvoreada<br \/>\ncon un poco de sal,<br \/>\nmatas el hambre<br \/>\ndel jornalero en el duro camino.<br \/>\nEstrella de los pobres,<br \/>\nhada madrina<br \/>\nenvuelta<br \/>\nen delicado<br \/>\npapel, sales del suelo,<br \/>\neterna, intacta, pura<br \/>\ncomo semilla de astro,<br \/>\ny al cortarte<br \/>\nel cuchillo en la cocina<br \/>\nsube la \u00fanica l\u00e1grima<br \/>\nsin pena.<br \/>\nNos hiciste llorar sin afligirnos.<br \/>\nYo cuanto existe celebr\u00e9, cebolla,<br \/>\npero para m\u00ed eres<br \/>\nm\u00e1s hermosa que un ave<br \/>\nde plumas cegadoras,<br \/>\neres para mis ojos<br \/>\nglobo celeste, copa de platino,<br \/>\nbaile inm\u00f3vil<br \/>\nde an\u00e9mona nevada<br \/>\ny vive la fragancia de la tierra<br \/>\nen tu naturaleza cristalina.<\/p>\n<p><iframe loading=\"lazy\" src=\"https:\/\/app.box.com\/embed_widget\/s\/9arlr3givwyyfgyot63e?theme=blue\" width=\"500\" height=\"400\" frameborder=\"0\"allowfullscreen webkitallowfullscreen msallowfullscreen><\/iframe><\/p>\n","protected":false},"excerpt":{"rendered":"<p>Apertura del programa \u00abGuetap\u00bb -15\/Diciembre- con Pablo Neruda. Conducido por Reynaldo Sietecase en Radio Vorterix. Oda a la cebolla Cebolla, luminosa redoma, p\u00e9talo a p\u00e9talo se form\u00f3 tu hermosura, escamas de cristal te acrecentaron y en el secreto de la tierra oscura se redonde\u00f3 tu vientre de roc\u00edo. Bajo la tierra fue el milagro y [&hellip;]<\/p>\n","protected":false},"author":7,"featured_media":11185,"comment_status":"open","ping_status":"open","sticky":false,"template":"","format":"standard","meta":{"footnotes":""},"categories":[665],"tags":[2364,2369,919],"class_list":["post-11167","post","type-post","status-publish","format-standard","has-post-thumbnail","hentry","category-vorterix","tag-guetap","tag-neruda","tag-sietecase","has_thumb"],"_links":{"self":[{"href":"https:\/\/archivosonoro.com.ar\/wordpress\/index.php?rest_route=\/wp\/v2\/posts\/11167","targetHints":{"allow":["GET"]}}],"collection":[{"href":"https:\/\/archivosonoro.com.ar\/wordpress\/index.php?rest_route=\/wp\/v2\/posts"}],"about":[{"href":"https:\/\/archivosonoro.com.ar\/wordpress\/index.php?rest_route=\/wp\/v2\/types\/post"}],"author":[{"embeddable":true,"href":"https:\/\/archivosonoro.com.ar\/wordpress\/index.php?rest_route=\/wp\/v2\/users\/7"}],"replies":[{"embeddable":true,"href":"https:\/\/archivosonoro.com.ar\/wordpress\/index.php?rest_route=%2Fwp%2Fv2%2Fcomments&post=11167"}],"version-history":[{"count":1,"href":"https:\/\/archivosonoro.com.ar\/wordpress\/index.php?rest_route=\/wp\/v2\/posts\/11167\/revisions"}],"predecessor-version":[{"id":11168,"href":"https:\/\/archivosonoro.com.ar\/wordpress\/index.php?rest_route=\/wp\/v2\/posts\/11167\/revisions\/11168"}],"wp:featuredmedia":[{"embeddable":true,"href":"https:\/\/archivosonoro.com.ar\/wordpress\/index.php?rest_route=\/wp\/v2\/media\/11185"}],"wp:attachment":[{"href":"https:\/\/archivosonoro.com.ar\/wordpress\/index.php?rest_route=%2Fwp%2Fv2%2Fmedia&parent=11167"}],"wp:term":[{"taxonomy":"category","embeddable":true,"href":"https:\/\/archivosonoro.com.ar\/wordpress\/index.php?rest_route=%2Fwp%2Fv2%2Fcategories&post=11167"},{"taxonomy":"post_tag","embeddable":true,"href":"https:\/\/archivosonoro.com.ar\/wordpress\/index.php?rest_route=%2Fwp%2Fv2%2Ftags&post=11167"}],"curies":[{"name":"wp","href":"https:\/\/api.w.org\/{rel}","templated":true}]}}