{"id":11124,"date":"2014-12-10T10:53:08","date_gmt":"2014-12-10T13:53:08","guid":{"rendered":"http:\/\/archivosonoro.com.ar\/?p=11124"},"modified":"2014-12-12T21:30:23","modified_gmt":"2014-12-13T00:30:23","slug":"oda-a-la-alcachofa","status":"publish","type":"post","link":"https:\/\/archivosonoro.com.ar\/wordpress\/?p=11124","title":{"rendered":"Oda a la alcachofa"},"content":{"rendered":"<p>Apertura del programa \u00abGuetap\u00bb -9\/Diciembre- con Pablo Neruda. Conducido por Reynaldo Sietecase en Radio Vorterix.<\/p>\n<p><strong>Oda a la alcachofa<\/strong><br \/>\nLa alcachofa<br \/>\nde tierno coraz\u00f3n<br \/>\nse visti\u00f3 de guerrero,<br \/>\nerecta, construy\u00f3<br \/>\nuna peque\u00f1a c\u00fapula,<br \/>\nse mantuvo<br \/>\nimpermeable<br \/>\nbajo<br \/>\nsus escamas,<br \/>\na su lado<br \/>\nlos vegetales locos<br \/>\nse encresparon,<br \/>\nse hicieron<br \/>\nzarcillos, espada\u00f1as,<br \/>\nbulbos conmovedores,<br \/>\nen el subsuelo<br \/>\ndurmi\u00f3 la zanahoria<br \/>\nde bigotes rojos,<br \/>\nla vi\u00f1a<br \/>\nresec\u00f3 los sarmientos<br \/>\npor donde sube el vino,<br \/>\nla col<br \/>\nse dedic\u00f3<br \/>\na probarse faldas,<br \/>\nel or\u00e9gano<br \/>\na perfumar el mundo,<br \/>\ny la dulce<br \/>\nalcachofa<br \/>\nall\u00ed en el huerto,<br \/>\nvestida de guerrero,<br \/>\nbru\u00f1ida<br \/>\ncomo una granada,<br \/>\norgullosa,<br \/>\ny un d\u00eda<br \/>\nuna con otra<br \/>\nen grandes cestos<br \/>\nde mimbre, camin\u00f3<br \/>\npor el mercado<br \/>\na realizar su sue\u00f1o:<br \/>\nla milicia.<\/p>\n<p>En hileras<br \/>\nnunca fue tan marcial<br \/>\ncomo en la feria,<br \/>\nlos hombres<br \/>\nentre las legumbres<br \/>\ncon sus camisas blancas<br \/>\neran<br \/>\nmariscales<br \/>\nde las alcachofas,<br \/>\nlas filas apretadas,<br \/>\nlas voces de comando,<br \/>\ny la detonaci\u00f3n<br \/>\nde una caja que cae,<br \/>\npero<br \/>\nentonces<br \/>\nviene<br \/>\nMar\u00eda<br \/>\ncon su cesto,<br \/>\nescoge<br \/>\nuna alcachofa,<br \/>\nno le teme,<br \/>\nla examina, la observa<br \/>\ncontra la luz como si fuera un huevo,<br \/>\nla compra,<br \/>\nla confunde<br \/>\nen su bolsa<br \/>\ncon un par de zapatos,<br \/>\ncon un repollo y una<br \/>\nbotella<br \/>\nde vinagre<br \/>\nhasta<br \/>\nque entrando a la cocina<br \/>\nla sumerge en la olla.<\/p>\n<p>As\u00ed termina<br \/>\nen paz<br \/>\nesta carrera<br \/>\ndel vegetal armado<br \/>\nque se llama alcachofa,<br \/>\nluego<br \/>\nescama por escama<br \/>\ndesvestimos<br \/>\nla delicia<br \/>\ny comemos<br \/>\nla pac\u00edfica pasta<br \/>\nde su coraz\u00f3n verde.<\/p>\n<p><iframe loading=\"lazy\" src=\"https:\/\/app.box.com\/embed_widget\/s\/ddnk78xsquqidiz1llge?theme=blue\" width=\"500\" height=\"400\" frameborder=\"0\"allowfullscreen webkitallowfullscreen msallowfullscreen><\/iframe><\/p>\n","protected":false},"excerpt":{"rendered":"<p>Apertura del programa \u00abGuetap\u00bb -9\/Diciembre- con Pablo Neruda. Conducido por Reynaldo Sietecase en Radio Vorterix. Oda a la alcachofa La alcachofa de tierno coraz\u00f3n se visti\u00f3 de guerrero, erecta, construy\u00f3 una peque\u00f1a c\u00fapula, se mantuvo impermeable bajo sus escamas, a su lado los vegetales locos se encresparon, se hicieron zarcillos, espada\u00f1as, bulbos conmovedores, en el [&hellip;]<\/p>\n","protected":false},"author":7,"featured_media":0,"comment_status":"open","ping_status":"open","sticky":false,"template":"","format":"standard","meta":{"footnotes":""},"categories":[665],"tags":[2364,2369,919],"class_list":["post-11124","post","type-post","status-publish","format-standard","hentry","category-vorterix","tag-guetap","tag-neruda","tag-sietecase"],"_links":{"self":[{"href":"https:\/\/archivosonoro.com.ar\/wordpress\/index.php?rest_route=\/wp\/v2\/posts\/11124","targetHints":{"allow":["GET"]}}],"collection":[{"href":"https:\/\/archivosonoro.com.ar\/wordpress\/index.php?rest_route=\/wp\/v2\/posts"}],"about":[{"href":"https:\/\/archivosonoro.com.ar\/wordpress\/index.php?rest_route=\/wp\/v2\/types\/post"}],"author":[{"embeddable":true,"href":"https:\/\/archivosonoro.com.ar\/wordpress\/index.php?rest_route=\/wp\/v2\/users\/7"}],"replies":[{"embeddable":true,"href":"https:\/\/archivosonoro.com.ar\/wordpress\/index.php?rest_route=%2Fwp%2Fv2%2Fcomments&post=11124"}],"version-history":[{"count":1,"href":"https:\/\/archivosonoro.com.ar\/wordpress\/index.php?rest_route=\/wp\/v2\/posts\/11124\/revisions"}],"predecessor-version":[{"id":11125,"href":"https:\/\/archivosonoro.com.ar\/wordpress\/index.php?rest_route=\/wp\/v2\/posts\/11124\/revisions\/11125"}],"wp:attachment":[{"href":"https:\/\/archivosonoro.com.ar\/wordpress\/index.php?rest_route=%2Fwp%2Fv2%2Fmedia&parent=11124"}],"wp:term":[{"taxonomy":"category","embeddable":true,"href":"https:\/\/archivosonoro.com.ar\/wordpress\/index.php?rest_route=%2Fwp%2Fv2%2Fcategories&post=11124"},{"taxonomy":"post_tag","embeddable":true,"href":"https:\/\/archivosonoro.com.ar\/wordpress\/index.php?rest_route=%2Fwp%2Fv2%2Ftags&post=11124"}],"curies":[{"name":"wp","href":"https:\/\/api.w.org\/{rel}","templated":true}]}}