{"id":11036,"date":"2014-11-28T14:05:54","date_gmt":"2014-11-28T17:05:54","guid":{"rendered":"http:\/\/archivosonoro.com.ar\/?p=11036"},"modified":"2014-11-28T14:05:54","modified_gmt":"2014-11-28T17:05:54","slug":"vendra-la-muerte-y-tendra-tus-ojos","status":"publish","type":"post","link":"https:\/\/archivosonoro.com.ar\/wordpress\/?p=11036","title":{"rendered":"Vendr\u00e1 la muerte y tendr\u00e1 tus ojos"},"content":{"rendered":"<p>Apertura del programa \u00abGuetap\u00bb -28\/Noviembre- con Cesare Pavese. Conducido por Reynaldo Sietecase en Radio Vorterix.<\/p>\n<p><strong>VENDR\u00c1 LA MUERTE Y TENDR\u00c1 TUS OJOS<\/strong><\/p>\n<p>Vendr\u00e1 la muerte y tendr\u00e1 tus ojos<br \/>\nesta muerte que nos acompa\u00f1a<br \/>\ndesde el alba a la noche, insomne,<br \/>\nsorda, como un viejo remordimiento<br \/>\no un absurdo defecto. Tus ojos<br \/>\nser\u00e1n una palabra in\u00fatil,<br \/>\nun grito callado, un silencio.<br \/>\nAs\u00ed los ves cada ma\u00f1ana<br \/>\ncuando sola te inclinas<br \/>\nante el espejo. Oh, amada esperanza,<br \/>\naquel d\u00eda sabremos, tambi\u00e9n,<br \/>\nque eres la vida y eres la nada.<\/p>\n<p>Para todos tiene la muerte una mirada.<br \/>\nVendr\u00e1 la muerte y tendr\u00e1 tus ojos.<br \/>\nSer\u00e1 como dejar un vicio,<br \/>\ncomo ver en el espejo<br \/>\nasomar un rostro muerto,<br \/>\ncomo escuchar un labio ya cerrado.<br \/>\nMudos, descenderemos al abismo.<\/p>\n<p><iframe loading=\"lazy\" src=\"https:\/\/app.box.com\/embed_widget\/s\/aludggbyhywdxhfx37ak?theme=blue\" width=\"500\" height=\"400\" frameborder=\"0\"allowfullscreen webkitallowfullscreen msallowfullscreen><\/iframe><\/p>\n","protected":false},"excerpt":{"rendered":"<p>Apertura del programa \u00abGuetap\u00bb -28\/Noviembre- con Cesare Pavese. Conducido por Reynaldo Sietecase en Radio Vorterix. VENDR\u00c1 LA MUERTE Y TENDR\u00c1 TUS OJOS Vendr\u00e1 la muerte y tendr\u00e1 tus ojos esta muerte que nos acompa\u00f1a desde el alba a la noche, insomne, sorda, como un viejo remordimiento o un absurdo defecto. Tus ojos ser\u00e1n una palabra [&hellip;]<\/p>\n","protected":false},"author":7,"featured_media":0,"comment_status":"open","ping_status":"open","sticky":false,"template":"","format":"standard","meta":{"footnotes":""},"categories":[665],"tags":[2364,2489,919],"class_list":["post-11036","post","type-post","status-publish","format-standard","hentry","category-vorterix","tag-guetap","tag-pavese","tag-sietecase"],"_links":{"self":[{"href":"https:\/\/archivosonoro.com.ar\/wordpress\/index.php?rest_route=\/wp\/v2\/posts\/11036","targetHints":{"allow":["GET"]}}],"collection":[{"href":"https:\/\/archivosonoro.com.ar\/wordpress\/index.php?rest_route=\/wp\/v2\/posts"}],"about":[{"href":"https:\/\/archivosonoro.com.ar\/wordpress\/index.php?rest_route=\/wp\/v2\/types\/post"}],"author":[{"embeddable":true,"href":"https:\/\/archivosonoro.com.ar\/wordpress\/index.php?rest_route=\/wp\/v2\/users\/7"}],"replies":[{"embeddable":true,"href":"https:\/\/archivosonoro.com.ar\/wordpress\/index.php?rest_route=%2Fwp%2Fv2%2Fcomments&post=11036"}],"version-history":[{"count":1,"href":"https:\/\/archivosonoro.com.ar\/wordpress\/index.php?rest_route=\/wp\/v2\/posts\/11036\/revisions"}],"predecessor-version":[{"id":11037,"href":"https:\/\/archivosonoro.com.ar\/wordpress\/index.php?rest_route=\/wp\/v2\/posts\/11036\/revisions\/11037"}],"wp:attachment":[{"href":"https:\/\/archivosonoro.com.ar\/wordpress\/index.php?rest_route=%2Fwp%2Fv2%2Fmedia&parent=11036"}],"wp:term":[{"taxonomy":"category","embeddable":true,"href":"https:\/\/archivosonoro.com.ar\/wordpress\/index.php?rest_route=%2Fwp%2Fv2%2Fcategories&post=11036"},{"taxonomy":"post_tag","embeddable":true,"href":"https:\/\/archivosonoro.com.ar\/wordpress\/index.php?rest_route=%2Fwp%2Fv2%2Ftags&post=11036"}],"curies":[{"name":"wp","href":"https:\/\/api.w.org\/{rel}","templated":true}]}}