{"id":11013,"date":"2014-11-26T10:12:20","date_gmt":"2014-11-26T13:12:20","guid":{"rendered":"http:\/\/archivosonoro.com.ar\/?p=11013"},"modified":"2014-11-26T10:12:20","modified_gmt":"2014-11-26T13:12:20","slug":"milonga-del-muerto","status":"publish","type":"post","link":"https:\/\/archivosonoro.com.ar\/wordpress\/?p=11013","title":{"rendered":"Milonga del Muerto"},"content":{"rendered":"<p>Apertura del programa \u00abGuetap\u00bb -26\/Noviembre- con Jorge Luis Borges. Conducido por Reynaldo Sietecase en Radio Vorterix.<\/p>\n<p><strong>Milonga del Muerto<\/strong><\/p>\n<p>Lo he so\u00f1ado en esta casa<br \/>\nentre paredes y puertas.<br \/>\nDios les permite a los hombres<br \/>\nso\u00f1ar cosas que son ciertas.<\/p>\n<p>Lo he so\u00f1ado mar afuera<br \/>\nen unas islas glaciales.<br \/>\nQue nos digan lo dem\u00e1s<br \/>\nla tumba y los hospitales.<\/p>\n<p>Una de tantas provincias<br \/>\ndel interior fue su tierra.<br \/>\n(No conviene que se sepa<br \/>\nque muere gente en la guerra).<\/p>\n<p>Lo sacaron del cuartel,<br \/>\nle pusieron en las manos<br \/>\nlas armas y lo mandaron<br \/>\na morir con sus hermanos.<\/p>\n<p>Se obr\u00f3 con suma prudencia,<br \/>\nse habl\u00f3 de un modo prolijo.<br \/>\nLes entregaron a un tiempo<br \/>\nel rifle y el crucifijo.<\/p>\n<p>Oy\u00f3 las vanas arengas<br \/>\nde los vanos generales.<br \/>\nVio lo que nunca hab\u00eda visto,<br \/>\nla nieve y los arenales.<\/p>\n<p>Oy\u00f3 vivas y oy\u00f3 mueras,<br \/>\noy\u00f3 el clamor de la gente.<br \/>\n\u00c9l s\u00f3lo quer\u00eda saber<br \/>\nsi era o si no era valiente.<\/p>\n<p>Lo supo en aquel momento<br \/>\nen que le entraba la herida.<br \/>\nSe dijo \u00abNo tuve miedo\u00bb<br \/>\ncuando lo dej\u00f3 la vida.<\/p>\n<p>Su muerte fue una secreta victoria.<br \/>\nNadie se asombre<br \/>\nde que me d\u00e9 envidia y pena<br \/>\nel destino de aquel hombre.<\/p>\n<p><iframe loading=\"lazy\" src=\"https:\/\/app.box.com\/embed_widget\/s\/vn7y3xb4umw4jkxcr19r?theme=blue\" width=\"500\" height=\"400\" frameborder=\"0\"allowfullscreen webkitallowfullscreen msallowfullscreen><\/iframe><\/p>\n","protected":false},"excerpt":{"rendered":"<p>Apertura del programa \u00abGuetap\u00bb -26\/Noviembre- con Jorge Luis Borges. Conducido por Reynaldo Sietecase en Radio Vorterix. Milonga del Muerto Lo he so\u00f1ado en esta casa entre paredes y puertas. Dios les permite a los hombres so\u00f1ar cosas que son ciertas. Lo he so\u00f1ado mar afuera en unas islas glaciales. Que nos digan lo dem\u00e1s la [&hellip;]<\/p>\n","protected":false},"author":7,"featured_media":0,"comment_status":"open","ping_status":"open","sticky":false,"template":"","format":"standard","meta":{"footnotes":""},"categories":[665],"tags":[2388,2364,919],"class_list":["post-11013","post","type-post","status-publish","format-standard","hentry","category-vorterix","tag-borges","tag-guetap","tag-sietecase"],"_links":{"self":[{"href":"https:\/\/archivosonoro.com.ar\/wordpress\/index.php?rest_route=\/wp\/v2\/posts\/11013","targetHints":{"allow":["GET"]}}],"collection":[{"href":"https:\/\/archivosonoro.com.ar\/wordpress\/index.php?rest_route=\/wp\/v2\/posts"}],"about":[{"href":"https:\/\/archivosonoro.com.ar\/wordpress\/index.php?rest_route=\/wp\/v2\/types\/post"}],"author":[{"embeddable":true,"href":"https:\/\/archivosonoro.com.ar\/wordpress\/index.php?rest_route=\/wp\/v2\/users\/7"}],"replies":[{"embeddable":true,"href":"https:\/\/archivosonoro.com.ar\/wordpress\/index.php?rest_route=%2Fwp%2Fv2%2Fcomments&post=11013"}],"version-history":[{"count":1,"href":"https:\/\/archivosonoro.com.ar\/wordpress\/index.php?rest_route=\/wp\/v2\/posts\/11013\/revisions"}],"predecessor-version":[{"id":11014,"href":"https:\/\/archivosonoro.com.ar\/wordpress\/index.php?rest_route=\/wp\/v2\/posts\/11013\/revisions\/11014"}],"wp:attachment":[{"href":"https:\/\/archivosonoro.com.ar\/wordpress\/index.php?rest_route=%2Fwp%2Fv2%2Fmedia&parent=11013"}],"wp:term":[{"taxonomy":"category","embeddable":true,"href":"https:\/\/archivosonoro.com.ar\/wordpress\/index.php?rest_route=%2Fwp%2Fv2%2Fcategories&post=11013"},{"taxonomy":"post_tag","embeddable":true,"href":"https:\/\/archivosonoro.com.ar\/wordpress\/index.php?rest_route=%2Fwp%2Fv2%2Ftags&post=11013"}],"curies":[{"name":"wp","href":"https:\/\/api.w.org\/{rel}","templated":true}]}}