{"id":10953,"date":"2014-11-20T10:43:05","date_gmt":"2014-11-20T13:43:05","guid":{"rendered":"http:\/\/archivosonoro.com.ar\/?p=10953"},"modified":"2014-11-20T10:43:05","modified_gmt":"2014-11-20T13:43:05","slug":"quebranto","status":"publish","type":"post","link":"https:\/\/archivosonoro.com.ar\/wordpress\/?p=10953","title":{"rendered":"Quebranto"},"content":{"rendered":"<p>Apertura del programa \u00abGuetap\u00bb -20\/Noviembre- con Mario Benedetti. Conducido por Reynaldo Sietecase en Radio Vorterix.<\/p>\n<p><strong>Quebranto<\/strong><\/p>\n<p>Tu voz no quiere cantar<br \/>\ntu voz se esconde en el llanto<br \/>\nsi pregunto tu quebranto<br \/>\nes s\u00f3lo por preguntar<\/p>\n<p>desde que tu pena existe<br \/>\ncomo un ileso sentido<br \/>\ntodo est\u00e1 triste y cumplida<br \/>\ntodo est\u00e1 cumplido y triste<\/p>\n<p>no tiene melancol\u00eda<br \/>\nel limpio dolor que tienes<br \/>\nya no te quedan rehenes<br \/>\npara obtener la alegr\u00eda<\/p>\n<p>tu voz no quiere cantar<br \/>\ntu voz se esconde en el llanto<br \/>\nsi pregunto tu quebranto<br \/>\nes s\u00f3lo por preguntar<\/p>\n<p>tu pena no es tu tortura<br \/>\ntu pena es tu peregrina<br \/>\nqui\u00e9n sabe c\u00f3mo termina<br \/>\nsi termina la aventura<\/p>\n<p>tu pena es un cautiverio<br \/>\nsin mar sin cielo y sin rosas<br \/>\npor sobre todas las cosas<br \/>\ntu pena es como misterio<\/p>\n<p>tu voz no quiere cantar<br \/>\ntu voz se esconde en el llanto<br \/>\nsi pregunto tu quebranto<br \/>\nes s\u00f3lo por preguntar<\/p>\n<p>tu voz se calla por sabia<br \/>\ny ese silencio es mejor<br \/>\nsi tu dolor no es dolor<br \/>\nes que tu dolor es rabia<\/p>\n<p>tu dolor es una espada<br \/>\nque hiere o corta o libera<br \/>\ntu pena es una manera<br \/>\nde vencer la madrugada<\/p>\n<p>tu voz no quiere cantar<br \/>\ntu voz se esconde en el llanto<br \/>\nsi pregunto tu quebranto<br \/>\nno me vas a contestar<\/p>\n<p><iframe loading=\"lazy\" src=\"https:\/\/app.box.com\/embed_widget\/s\/v1hn7lj5ojkivbxch55i?theme=blue\" width=\"500\" height=\"400\" frameborder=\"0\"allowfullscreen webkitallowfullscreen msallowfullscreen><\/iframe><\/p>\n","protected":false},"excerpt":{"rendered":"<p>Apertura del programa \u00abGuetap\u00bb -20\/Noviembre- con Mario Benedetti. Conducido por Reynaldo Sietecase en Radio Vorterix. Quebranto Tu voz no quiere cantar tu voz se esconde en el llanto si pregunto tu quebranto es s\u00f3lo por preguntar desde que tu pena existe como un ileso sentido todo est\u00e1 triste y cumplida todo est\u00e1 cumplido y triste [&hellip;]<\/p>\n","protected":false},"author":7,"featured_media":0,"comment_status":"open","ping_status":"open","sticky":false,"template":"","format":"standard","meta":{"footnotes":""},"categories":[665],"tags":[2394,2364,919],"class_list":["post-10953","post","type-post","status-publish","format-standard","hentry","category-vorterix","tag-benedetti","tag-guetap","tag-sietecase"],"_links":{"self":[{"href":"https:\/\/archivosonoro.com.ar\/wordpress\/index.php?rest_route=\/wp\/v2\/posts\/10953","targetHints":{"allow":["GET"]}}],"collection":[{"href":"https:\/\/archivosonoro.com.ar\/wordpress\/index.php?rest_route=\/wp\/v2\/posts"}],"about":[{"href":"https:\/\/archivosonoro.com.ar\/wordpress\/index.php?rest_route=\/wp\/v2\/types\/post"}],"author":[{"embeddable":true,"href":"https:\/\/archivosonoro.com.ar\/wordpress\/index.php?rest_route=\/wp\/v2\/users\/7"}],"replies":[{"embeddable":true,"href":"https:\/\/archivosonoro.com.ar\/wordpress\/index.php?rest_route=%2Fwp%2Fv2%2Fcomments&post=10953"}],"version-history":[{"count":3,"href":"https:\/\/archivosonoro.com.ar\/wordpress\/index.php?rest_route=\/wp\/v2\/posts\/10953\/revisions"}],"predecessor-version":[{"id":10962,"href":"https:\/\/archivosonoro.com.ar\/wordpress\/index.php?rest_route=\/wp\/v2\/posts\/10953\/revisions\/10962"}],"wp:attachment":[{"href":"https:\/\/archivosonoro.com.ar\/wordpress\/index.php?rest_route=%2Fwp%2Fv2%2Fmedia&parent=10953"}],"wp:term":[{"taxonomy":"category","embeddable":true,"href":"https:\/\/archivosonoro.com.ar\/wordpress\/index.php?rest_route=%2Fwp%2Fv2%2Fcategories&post=10953"},{"taxonomy":"post_tag","embeddable":true,"href":"https:\/\/archivosonoro.com.ar\/wordpress\/index.php?rest_route=%2Fwp%2Fv2%2Ftags&post=10953"}],"curies":[{"name":"wp","href":"https:\/\/api.w.org\/{rel}","templated":true}]}}