{"id":10951,"date":"2014-11-20T11:04:57","date_gmt":"2014-11-20T14:04:57","guid":{"rendered":"http:\/\/archivosonoro.com.ar\/?p=10951"},"modified":"2014-11-20T12:08:35","modified_gmt":"2014-11-20T15:08:35","slug":"no-se-recuperaron-puestos-de-trabajo","status":"publish","type":"post","link":"https:\/\/archivosonoro.com.ar\/wordpress\/?p=10951","title":{"rendered":"\u00abNo se recuperaron puestos de trabajo\u00bb"},"content":{"rendered":"<p>Alejandro Mayoral Presidente de AFARTE:\u00bbNo se recuperaron puestos de trabajo, si sigue con esta politica economica que decide el ministerio a nivel nacional, es posible que no se produzca mas nada, el cupo de dolares no aument\u00f3, la deuda con por proveedores aument\u00f3, pero esperamos que antes de fin de a\u00f1o se tomen definiciones en lo economico, porque la venta de aires acondicionado va bastante bien y es al menos algo positivo\u00bb.<br \/>\nLo dijo en la licuadora y aclar\u00f3 que lo de Brighstar es un problema de deuda de la empresa con sus proveedores.<\/p>\n<p><iframe loading=\"lazy\" src=\"https:\/\/app.box.com\/embed_widget\/s\/rjj8kqypx52fke0jfj2w?theme=blue\" width=\"500\" height=\"400\" frameborder=\"0\"allowfullscreen webkitallowfullscreen msallowfullscreen><\/iframe><\/p>\n","protected":false},"excerpt":{"rendered":"<p>Alejandro Mayoral Presidente de AFARTE:\u00bbNo se recuperaron puestos de trabajo, si sigue con esta politica economica que decide el ministerio a nivel nacional, es posible que no se produzca mas nada, el cupo de dolares no aument\u00f3, la deuda con por proveedores aument\u00f3, pero esperamos que antes de fin de a\u00f1o se tomen definiciones en [&hellip;]<\/p>\n","protected":false},"author":7,"featured_media":0,"comment_status":"open","ping_status":"open","sticky":false,"template":"","format":"standard","meta":{"footnotes":""},"categories":[2411],"tags":[456,455],"class_list":["post-10951","post","type-post","status-publish","format-standard","hentry","category-fmatlantica","tag-afarte","tag-mayoral"],"_links":{"self":[{"href":"https:\/\/archivosonoro.com.ar\/wordpress\/index.php?rest_route=\/wp\/v2\/posts\/10951","targetHints":{"allow":["GET"]}}],"collection":[{"href":"https:\/\/archivosonoro.com.ar\/wordpress\/index.php?rest_route=\/wp\/v2\/posts"}],"about":[{"href":"https:\/\/archivosonoro.com.ar\/wordpress\/index.php?rest_route=\/wp\/v2\/types\/post"}],"author":[{"embeddable":true,"href":"https:\/\/archivosonoro.com.ar\/wordpress\/index.php?rest_route=\/wp\/v2\/users\/7"}],"replies":[{"embeddable":true,"href":"https:\/\/archivosonoro.com.ar\/wordpress\/index.php?rest_route=%2Fwp%2Fv2%2Fcomments&post=10951"}],"version-history":[{"count":5,"href":"https:\/\/archivosonoro.com.ar\/wordpress\/index.php?rest_route=\/wp\/v2\/posts\/10951\/revisions"}],"predecessor-version":[{"id":10972,"href":"https:\/\/archivosonoro.com.ar\/wordpress\/index.php?rest_route=\/wp\/v2\/posts\/10951\/revisions\/10972"}],"wp:attachment":[{"href":"https:\/\/archivosonoro.com.ar\/wordpress\/index.php?rest_route=%2Fwp%2Fv2%2Fmedia&parent=10951"}],"wp:term":[{"taxonomy":"category","embeddable":true,"href":"https:\/\/archivosonoro.com.ar\/wordpress\/index.php?rest_route=%2Fwp%2Fv2%2Fcategories&post=10951"},{"taxonomy":"post_tag","embeddable":true,"href":"https:\/\/archivosonoro.com.ar\/wordpress\/index.php?rest_route=%2Fwp%2Fv2%2Ftags&post=10951"}],"curies":[{"name":"wp","href":"https:\/\/api.w.org\/{rel}","templated":true}]}}