{"id":10931,"date":"2014-11-18T11:39:14","date_gmt":"2014-11-18T14:39:14","guid":{"rendered":"http:\/\/archivosonoro.com.ar\/?p=10931"},"modified":"2014-11-18T11:39:14","modified_gmt":"2014-11-18T14:39:14","slug":"editorial-del-programa-la-licuadora","status":"publish","type":"post","link":"https:\/\/archivosonoro.com.ar\/wordpress\/?p=10931","title":{"rendered":"Editorial del programa \u00abLa Licuadora\u00bb"},"content":{"rendered":"<p>Armando Cabral, conductor de \u00abLa Licuadora\u00bb se refiri\u00f3 a los dichos de la Gobernadora y de la Legisladora Allende producidos ayer en su programa.<\/p>\n<p>\u00abAyer la nota de la Gobernadora y la posterior de Liliana Martinez Allende reboto obviamente por todos lados sin que nadie citara la fuente porque los que te ense\u00f1an a hacer periodismo despu\u00e9s cuando tienen que cumplir con las reglas b\u00e1sicas del periodismo las desconocen. Pero nadie cit\u00f3 la fuente, incluso la propia Secretaria de informaci\u00f3n p\u00fablica tampoco cit\u00f3 la fuente porque la \u00fanica declaraci\u00f3n que hizo ayer la gobernadora fue en este programa y por lo tanto hoy vamos a repetirla por si se la perdieron porque pusieron cualquier cosa en la gacetilla que hicieron y despu\u00e9s tambi\u00e9n se dijo cualquier cosa de lo que la Gobernadora no hab\u00eda dicho\u00bb inici\u00f3 el periodista.<\/p>\n<p><iframe loading=\"lazy\" src=\"https:\/\/app.box.com\/embed_widget\/s\/bmm04as6cjl4vz4i4ngo?theme=blue\" width=\"500\" height=\"400\" frameborder=\"0\"allowfullscreen webkitallowfullscreen msallowfullscreen><\/iframe><\/p>\n","protected":false},"excerpt":{"rendered":"<p>Armando Cabral, conductor de \u00abLa Licuadora\u00bb se refiri\u00f3 a los dichos de la Gobernadora y de la Legisladora Allende producidos ayer en su programa. \u00abAyer la nota de la Gobernadora y la posterior de Liliana Martinez Allende reboto obviamente por todos lados sin que nadie citara la fuente porque los que te ense\u00f1an a hacer [&hellip;]<\/p>\n","protected":false},"author":7,"featured_media":0,"comment_status":"open","ping_status":"open","sticky":false,"template":"","format":"standard","meta":{"footnotes":""},"categories":[2411],"tags":[1593,33],"class_list":["post-10931","post","type-post","status-publish","format-standard","hentry","category-fmatlantica","tag-allende","tag-rios"],"_links":{"self":[{"href":"https:\/\/archivosonoro.com.ar\/wordpress\/index.php?rest_route=\/wp\/v2\/posts\/10931","targetHints":{"allow":["GET"]}}],"collection":[{"href":"https:\/\/archivosonoro.com.ar\/wordpress\/index.php?rest_route=\/wp\/v2\/posts"}],"about":[{"href":"https:\/\/archivosonoro.com.ar\/wordpress\/index.php?rest_route=\/wp\/v2\/types\/post"}],"author":[{"embeddable":true,"href":"https:\/\/archivosonoro.com.ar\/wordpress\/index.php?rest_route=\/wp\/v2\/users\/7"}],"replies":[{"embeddable":true,"href":"https:\/\/archivosonoro.com.ar\/wordpress\/index.php?rest_route=%2Fwp%2Fv2%2Fcomments&post=10931"}],"version-history":[{"count":1,"href":"https:\/\/archivosonoro.com.ar\/wordpress\/index.php?rest_route=\/wp\/v2\/posts\/10931\/revisions"}],"predecessor-version":[{"id":10932,"href":"https:\/\/archivosonoro.com.ar\/wordpress\/index.php?rest_route=\/wp\/v2\/posts\/10931\/revisions\/10932"}],"wp:attachment":[{"href":"https:\/\/archivosonoro.com.ar\/wordpress\/index.php?rest_route=%2Fwp%2Fv2%2Fmedia&parent=10931"}],"wp:term":[{"taxonomy":"category","embeddable":true,"href":"https:\/\/archivosonoro.com.ar\/wordpress\/index.php?rest_route=%2Fwp%2Fv2%2Fcategories&post=10931"},{"taxonomy":"post_tag","embeddable":true,"href":"https:\/\/archivosonoro.com.ar\/wordpress\/index.php?rest_route=%2Fwp%2Fv2%2Ftags&post=10931"}],"curies":[{"name":"wp","href":"https:\/\/api.w.org\/{rel}","templated":true}]}}