{"id":10891,"date":"2014-11-16T12:13:02","date_gmt":"2014-11-16T15:13:02","guid":{"rendered":"http:\/\/archivosonoro.com.ar\/?p=10891"},"modified":"2014-11-16T12:13:16","modified_gmt":"2014-11-16T15:13:16","slug":"dos-preguntan-el-programa-que-se-emite-los-sabados-por-fm-la-tecno-3","status":"publish","type":"post","link":"https:\/\/archivosonoro.com.ar\/wordpress\/?p=10891","title":{"rendered":"Dos preguntan, el programa que se emite los s\u00e1bados por FM La Tecno &#8211; 15.11.14"},"content":{"rendered":"<p>Ponemos a disposici\u00f3n el programa del s\u00e1bado 26 de julio.<\/p>\n<p><strong>Apertura del programa, los temas que se abordar\u00e1n. Editorial.<\/strong><br \/>\n<iframe loading=\"lazy\" src=\"https:\/\/app.box.com\/embed_widget\/s\/av3kjyarx9vmekl770y1?theme=blue\" width=\"500\" height=\"400\" frameborder=\"0\"allowfullscreen webkitallowfullscreen msallowfullscreen><\/iframe><\/p>\n<p><strong>Karina Bello, G. Pastoriza:<\/strong> Inconvenientes por el cierre del Matadero Municipal. Parte 1.<br \/>\nEl audio haciendo <a href=\"https:\/\/app.box.com\/s\/q9mdxp9y8bsd8xm1wsgd\" target=\"_blank\">click aqu\u00ed<\/a>.<\/p>\n<p><strong>Karina Bello, G. Pastoriza:<\/strong> Inconvenientes por el cierre del Matadero Municipal. Parte 2.<br \/>\nEl audio haciendo <a href=\"https:\/\/app.box.com\/s\/7mje445b8uucrm80gkzz\" target=\"_blank\">click aqu\u00ed<\/a>.<\/p>\n<p><strong>Hugo:<\/strong> Soci\u00f3logo.<br \/>\nEl audio haciendo <a href=\"https:\/\/app.box.com\/s\/616x3lpkurr5ywxaq4au\" target=\"_blank\">click aqu\u00ed<\/a>.<\/p>\n","protected":false},"excerpt":{"rendered":"<p>Ponemos a disposici\u00f3n el programa del s\u00e1bado 26 de julio. Apertura del programa, los temas que se abordar\u00e1n. Editorial. Karina Bello, G. Pastoriza: Inconvenientes por el cierre del Matadero Municipal. Parte 1. El audio haciendo click aqu\u00ed. Karina Bello, G. Pastoriza: Inconvenientes por el cierre del Matadero Municipal. Parte 2. El audio haciendo click aqu\u00ed. [&hellip;]<\/p>\n","protected":false},"author":7,"featured_media":0,"comment_status":"open","ping_status":"open","sticky":false,"template":"","format":"standard","meta":{"footnotes":""},"categories":[2366],"tags":[1577,684],"class_list":["post-10891","post","type-post","status-publish","format-standard","hentry","category-fmlatecno","tag-bello","tag-pastoriza"],"_links":{"self":[{"href":"https:\/\/archivosonoro.com.ar\/wordpress\/index.php?rest_route=\/wp\/v2\/posts\/10891","targetHints":{"allow":["GET"]}}],"collection":[{"href":"https:\/\/archivosonoro.com.ar\/wordpress\/index.php?rest_route=\/wp\/v2\/posts"}],"about":[{"href":"https:\/\/archivosonoro.com.ar\/wordpress\/index.php?rest_route=\/wp\/v2\/types\/post"}],"author":[{"embeddable":true,"href":"https:\/\/archivosonoro.com.ar\/wordpress\/index.php?rest_route=\/wp\/v2\/users\/7"}],"replies":[{"embeddable":true,"href":"https:\/\/archivosonoro.com.ar\/wordpress\/index.php?rest_route=%2Fwp%2Fv2%2Fcomments&post=10891"}],"version-history":[{"count":2,"href":"https:\/\/archivosonoro.com.ar\/wordpress\/index.php?rest_route=\/wp\/v2\/posts\/10891\/revisions"}],"predecessor-version":[{"id":10893,"href":"https:\/\/archivosonoro.com.ar\/wordpress\/index.php?rest_route=\/wp\/v2\/posts\/10891\/revisions\/10893"}],"wp:attachment":[{"href":"https:\/\/archivosonoro.com.ar\/wordpress\/index.php?rest_route=%2Fwp%2Fv2%2Fmedia&parent=10891"}],"wp:term":[{"taxonomy":"category","embeddable":true,"href":"https:\/\/archivosonoro.com.ar\/wordpress\/index.php?rest_route=%2Fwp%2Fv2%2Fcategories&post=10891"},{"taxonomy":"post_tag","embeddable":true,"href":"https:\/\/archivosonoro.com.ar\/wordpress\/index.php?rest_route=%2Fwp%2Fv2%2Ftags&post=10891"}],"curies":[{"name":"wp","href":"https:\/\/api.w.org\/{rel}","templated":true}]}}