{"id":10773,"date":"2014-10-24T12:00:45","date_gmt":"2014-10-24T15:00:45","guid":{"rendered":"http:\/\/archivosonoro.com.ar\/?p=10773"},"modified":"2014-10-24T11:32:45","modified_gmt":"2014-10-24T14:32:45","slug":"la-gobernadora-hablo-de-la-relacion-con-los-gremios","status":"publish","type":"post","link":"https:\/\/archivosonoro.com.ar\/wordpress\/?p=10773","title":{"rendered":"La gobernadora habl\u00f3 de la relaci\u00f3n con los Gremios."},"content":{"rendered":"<p>La gobernadora de la provincia, Fabiana R\u00edos, fue entrevistada en FM Atl\u00e1ntica. Entre otros temas abordados dialogaron sobre el Presupuesto; adem\u00e1s del Sutef y la relaci\u00f3n con los distintos Gremios.<\/p>\n<p>A partir de las 13Hs se encontrar\u00e1 a disposici\u00f3n la entrevista completa. <\/p>\n<p><iframe loading=\"lazy\" src=\"https:\/\/app.box.com\/embed_widget\/s\/hsne6kahpq2raxtjzkci?theme=blue\" width=\"500\" height=\"400\" frameborder=\"0\"allowfullscreen webkitallowfullscreen msallowfullscreen><\/iframe><\/p>\n","protected":false},"excerpt":{"rendered":"<p>La gobernadora de la provincia, Fabiana R\u00edos, fue entrevistada en FM Atl\u00e1ntica. Entre otros temas abordados dialogaron sobre el Presupuesto; adem\u00e1s del Sutef y la relaci\u00f3n con los distintos Gremios. A partir de las 13Hs se encontrar\u00e1 a disposici\u00f3n la entrevista completa.<\/p>\n","protected":false},"author":7,"featured_media":0,"comment_status":"open","ping_status":"open","sticky":false,"template":"","format":"standard","meta":{"footnotes":""},"categories":[2411],"tags":[33],"class_list":["post-10773","post","type-post","status-publish","format-standard","hentry","category-fmatlantica","tag-rios"],"_links":{"self":[{"href":"https:\/\/archivosonoro.com.ar\/wordpress\/index.php?rest_route=\/wp\/v2\/posts\/10773","targetHints":{"allow":["GET"]}}],"collection":[{"href":"https:\/\/archivosonoro.com.ar\/wordpress\/index.php?rest_route=\/wp\/v2\/posts"}],"about":[{"href":"https:\/\/archivosonoro.com.ar\/wordpress\/index.php?rest_route=\/wp\/v2\/types\/post"}],"author":[{"embeddable":true,"href":"https:\/\/archivosonoro.com.ar\/wordpress\/index.php?rest_route=\/wp\/v2\/users\/7"}],"replies":[{"embeddable":true,"href":"https:\/\/archivosonoro.com.ar\/wordpress\/index.php?rest_route=%2Fwp%2Fv2%2Fcomments&post=10773"}],"version-history":[{"count":2,"href":"https:\/\/archivosonoro.com.ar\/wordpress\/index.php?rest_route=\/wp\/v2\/posts\/10773\/revisions"}],"predecessor-version":[{"id":10775,"href":"https:\/\/archivosonoro.com.ar\/wordpress\/index.php?rest_route=\/wp\/v2\/posts\/10773\/revisions\/10775"}],"wp:attachment":[{"href":"https:\/\/archivosonoro.com.ar\/wordpress\/index.php?rest_route=%2Fwp%2Fv2%2Fmedia&parent=10773"}],"wp:term":[{"taxonomy":"category","embeddable":true,"href":"https:\/\/archivosonoro.com.ar\/wordpress\/index.php?rest_route=%2Fwp%2Fv2%2Fcategories&post=10773"},{"taxonomy":"post_tag","embeddable":true,"href":"https:\/\/archivosonoro.com.ar\/wordpress\/index.php?rest_route=%2Fwp%2Fv2%2Ftags&post=10773"}],"curies":[{"name":"wp","href":"https:\/\/api.w.org\/{rel}","templated":true}]}}