{"id":10771,"date":"2014-10-24T11:40:56","date_gmt":"2014-10-24T14:40:56","guid":{"rendered":"http:\/\/archivosonoro.com.ar\/?p=10771"},"modified":"2014-10-24T11:31:35","modified_gmt":"2014-10-24T14:31:35","slug":"fabiana-rios-se-refirio-a-la-caida-del-empleo-industrial","status":"publish","type":"post","link":"https:\/\/archivosonoro.com.ar\/wordpress\/?p=10771","title":{"rendered":"Fabiana R\u00edos se refiri\u00f3 a la ca\u00edda del empleo industrial"},"content":{"rendered":"<p>Entrevistada en FM Atl\u00e1ntica, la mandataria fueguina abord\u00f3 la Macroeconom\u00eda y la ca\u00edda del empleo industrial.<\/p>\n<p><iframe loading=\"lazy\" src=\"https:\/\/app.box.com\/embed_widget\/s\/ajs6bfgj0tvnkjt31x26?theme=blue\" width=\"500\" height=\"400\" frameborder=\"0\"allowfullscreen webkitallowfullscreen msallowfullscreen><\/iframe><\/p>\n","protected":false},"excerpt":{"rendered":"<p>Entrevistada en FM Atl\u00e1ntica, la mandataria fueguina abord\u00f3 la Macroeconom\u00eda y la ca\u00edda del empleo industrial.<\/p>\n","protected":false},"author":7,"featured_media":0,"comment_status":"open","ping_status":"open","sticky":false,"template":"","format":"standard","meta":{"footnotes":""},"categories":[2411],"tags":[33],"class_list":["post-10771","post","type-post","status-publish","format-standard","hentry","category-fmatlantica","tag-rios"],"_links":{"self":[{"href":"https:\/\/archivosonoro.com.ar\/wordpress\/index.php?rest_route=\/wp\/v2\/posts\/10771","targetHints":{"allow":["GET"]}}],"collection":[{"href":"https:\/\/archivosonoro.com.ar\/wordpress\/index.php?rest_route=\/wp\/v2\/posts"}],"about":[{"href":"https:\/\/archivosonoro.com.ar\/wordpress\/index.php?rest_route=\/wp\/v2\/types\/post"}],"author":[{"embeddable":true,"href":"https:\/\/archivosonoro.com.ar\/wordpress\/index.php?rest_route=\/wp\/v2\/users\/7"}],"replies":[{"embeddable":true,"href":"https:\/\/archivosonoro.com.ar\/wordpress\/index.php?rest_route=%2Fwp%2Fv2%2Fcomments&post=10771"}],"version-history":[{"count":1,"href":"https:\/\/archivosonoro.com.ar\/wordpress\/index.php?rest_route=\/wp\/v2\/posts\/10771\/revisions"}],"predecessor-version":[{"id":10772,"href":"https:\/\/archivosonoro.com.ar\/wordpress\/index.php?rest_route=\/wp\/v2\/posts\/10771\/revisions\/10772"}],"wp:attachment":[{"href":"https:\/\/archivosonoro.com.ar\/wordpress\/index.php?rest_route=%2Fwp%2Fv2%2Fmedia&parent=10771"}],"wp:term":[{"taxonomy":"category","embeddable":true,"href":"https:\/\/archivosonoro.com.ar\/wordpress\/index.php?rest_route=%2Fwp%2Fv2%2Fcategories&post=10771"},{"taxonomy":"post_tag","embeddable":true,"href":"https:\/\/archivosonoro.com.ar\/wordpress\/index.php?rest_route=%2Fwp%2Fv2%2Ftags&post=10771"}],"curies":[{"name":"wp","href":"https:\/\/api.w.org\/{rel}","templated":true}]}}