{"id":10769,"date":"2014-10-24T11:27:50","date_gmt":"2014-10-24T14:27:50","guid":{"rendered":"http:\/\/archivosonoro.com.ar\/?p=10769"},"modified":"2014-10-24T11:27:50","modified_gmt":"2014-10-24T14:27:50","slug":"fabiana-rios-se-refirio-al-cronograma-electoral","status":"publish","type":"post","link":"https:\/\/archivosonoro.com.ar\/wordpress\/?p=10769","title":{"rendered":"Fabiana R\u00edos se refiri\u00f3 al Cronograma electoral."},"content":{"rendered":"<p>La gobernadora de la provincia, Fabiana R\u00edos, fue entrevistada en FM Atl\u00e1ntica. Entre otros temas abordados dialogaron sobre el Cronograma electoral.<\/p>\n<p><iframe loading=\"lazy\" src=\"https:\/\/app.box.com\/embed_widget\/s\/e9rb03bb9su897r9rwbi?theme=blue\" width=\"500\" height=\"400\" frameborder=\"0\"allowfullscreen webkitallowfullscreen msallowfullscreen><\/iframe><\/p>\n","protected":false},"excerpt":{"rendered":"<p>La gobernadora de la provincia, Fabiana R\u00edos, fue entrevistada en FM Atl\u00e1ntica. Entre otros temas abordados dialogaron sobre el Cronograma electoral.<\/p>\n","protected":false},"author":7,"featured_media":0,"comment_status":"open","ping_status":"open","sticky":false,"template":"","format":"standard","meta":{"footnotes":""},"categories":[2411],"tags":[33],"class_list":["post-10769","post","type-post","status-publish","format-standard","hentry","category-fmatlantica","tag-rios"],"_links":{"self":[{"href":"https:\/\/archivosonoro.com.ar\/wordpress\/index.php?rest_route=\/wp\/v2\/posts\/10769","targetHints":{"allow":["GET"]}}],"collection":[{"href":"https:\/\/archivosonoro.com.ar\/wordpress\/index.php?rest_route=\/wp\/v2\/posts"}],"about":[{"href":"https:\/\/archivosonoro.com.ar\/wordpress\/index.php?rest_route=\/wp\/v2\/types\/post"}],"author":[{"embeddable":true,"href":"https:\/\/archivosonoro.com.ar\/wordpress\/index.php?rest_route=\/wp\/v2\/users\/7"}],"replies":[{"embeddable":true,"href":"https:\/\/archivosonoro.com.ar\/wordpress\/index.php?rest_route=%2Fwp%2Fv2%2Fcomments&post=10769"}],"version-history":[{"count":1,"href":"https:\/\/archivosonoro.com.ar\/wordpress\/index.php?rest_route=\/wp\/v2\/posts\/10769\/revisions"}],"predecessor-version":[{"id":10770,"href":"https:\/\/archivosonoro.com.ar\/wordpress\/index.php?rest_route=\/wp\/v2\/posts\/10769\/revisions\/10770"}],"wp:attachment":[{"href":"https:\/\/archivosonoro.com.ar\/wordpress\/index.php?rest_route=%2Fwp%2Fv2%2Fmedia&parent=10769"}],"wp:term":[{"taxonomy":"category","embeddable":true,"href":"https:\/\/archivosonoro.com.ar\/wordpress\/index.php?rest_route=%2Fwp%2Fv2%2Fcategories&post=10769"},{"taxonomy":"post_tag","embeddable":true,"href":"https:\/\/archivosonoro.com.ar\/wordpress\/index.php?rest_route=%2Fwp%2Fv2%2Ftags&post=10769"}],"curies":[{"name":"wp","href":"https:\/\/api.w.org\/{rel}","templated":true}]}}