{"id":10720,"date":"2014-10-17T08:55:32","date_gmt":"2014-10-17T11:55:32","guid":{"rendered":"http:\/\/archivosonoro.com.ar\/?p=10720"},"modified":"2014-10-17T08:58:46","modified_gmt":"2014-10-17T11:58:46","slug":"la-identidad","status":"publish","type":"post","link":"https:\/\/archivosonoro.com.ar\/wordpress\/?p=10720","title":{"rendered":"La identidad"},"content":{"rendered":"<p>Apertura del programa \u00abGuetap\u00bb -17\/Octubre- con Elena Poniatowska. Conducido por Reynaldo Sietecase en Radio Vorterix.<\/p>\n<p><strong>La identidad<\/strong><\/p>\n<p>            Yo ven\u00eda cansado. Mis botas estaban cubiertas de lodo y las arrastraba como si fueran f\u00e9retros. La mochila se me encajaba en la espalda, pesada. Hab\u00eda caminado mucho, tanto que lo hac\u00eda como un animal que se defiende. Pas\u00f3 un campesino en su carreta y se detuvo. Me dijo que subiera. Con trabajos me sent\u00e9 a su lado. Calaba fr\u00edo. Ten\u00eda la boca seca, agrietada en la comisura de los labios; la saliva se me hab\u00eda hecho pastosa. Las ruedas se hund\u00edan en la tierra dando vueltas lentamente. Pens\u00e9 que deb\u00eda hacer el esfuerzo de girar como las ruedas y empec\u00e9 a balbucear unas cuantas palabras. Pocas. \u00c9l contestaba por no dejar y seguimos con una gran paciencia, con la misma paciencia de la mula que nos jalaba por los derrumbaderos, con la paciencia del mismo camino, seco y vencido, polvoso y viejo, hilvanando palabras cerradas como semillas, mientras el aire se enrarec\u00eda porque \u00edbamos de subida \u2013 casi siempre se va de subida -, hablamos, no s\u00e9, del hambre, de la sed, de la monta\u00f1a, del tiempo, sin mirarnos siquiera. Y de pronto, en medio de la tosquedad de nuestras ropas sucias, malolientes, el uno junto al otro, algo nos atraves\u00f3 blanco y dulce, una tregua transparente. Y nos comunicamos cosas inesperadas, cosas sencillas, como cuando aparece a lo largo de una jornada gris un espacio tierno y verde, como cuando se llega a un claro en el bosque. Yo era forastero y s\u00f3lo pronunci\u00e9 unas cuantas palabras que saqu\u00e9 de mi mochila, pero eran como las suyas y nada m\u00e1s las cambiamos unas por otras. \u00c9l se entusiasm\u00f3, me miraba a los ojos, y bruscamente los \u00e1rboles rompieron el silencio. \u201cSabe, pronto saldr\u00e1 el agua de las hendiduras.\u201d \u201cNo es malo vivir en la altura. Lo malo es bajar al pueblo a echarse un trago porque luego all\u00e1 andan las viejas calientes. Despu\u00e9s es m\u00e1s dif\u00edcil volver a remontarse, nom\u00e1s acord\u00e1ndose de ellas\u201d\u2026 Dijimos que se iba a quitar el fr\u00edo, que all\u00e1 lejos estaban los nubarrones empuj\u00e1ndolo y que la cosecha pod\u00eda ser buena. Ca\u00edan nuestras palabras como gruesos terrones, como varas resecas, pero nos entend\u00edamos.<\/p>\n<p>            Llegamos al pueblo donde estaba el \u00fanico mes\u00f3n. Cuando baj\u00e9 de la carreta empez\u00f3 a buscarse en todos los bolsillos, a vaciarlos, a voltearlos al rev\u00e9s, inquieto, ansioso, reteni\u00e9ndome con los ojos: \u201c\u00bfQu\u00e9 le regalar\u00e9? \u00bfQu\u00e9 le regalo? Le quiero hacer un regalo\u2026\u201d Buscaba a su alrededor, esperanzado, mirando el cielo, mirando el campo. Hurgone\u00f3 de nuevo en su vestido de miseria, en su pantal\u00f3n tieso, jaspeado de mugre, en su saco usado, amoldado ya a su cuerpo, para encontrar el regalo. Vio hacia arriba, con una mirada circular que quer\u00eda abarcar el universo entero. El mundo permanec\u00eda remoto, lejano, indiferente. Y de pronto, todas las arrugas de su rostro ennegrecido, todos esos surcos escarbados de sol a sol, me sonrieron. Todos los gallos del mundo hab\u00edan pisoteado su cara llen\u00e1ndola de patas. Extrajo avergonzado un papelito de no s\u00e9 d\u00f3nde, se sent\u00f3 nuevamente en la carreta y apoyando su gruesa mano sobre las rodillas tartamude\u00f3:<\/p>\n<p>&#8211; Ya s\u00e9, le voy a regalar mi nombre.<\/p>\n<p><iframe loading=\"lazy\" src=\"https:\/\/app.box.com\/embed_widget\/s\/6mq0tvsgqc250kgv6gay?theme=blue\" width=\"500\" height=\"400\" frameborder=\"0\"allowfullscreen webkitallowfullscreen msallowfullscreen><\/iframe><\/p>\n","protected":false},"excerpt":{"rendered":"<p>Apertura del programa \u00abGuetap\u00bb -17\/Octubre- con Elena Poniatowska. Conducido por Reynaldo Sietecase en Radio Vorterix. La identidad Yo ven\u00eda cansado. Mis botas estaban cubiertas de lodo y las arrastraba como si fueran f\u00e9retros. La mochila se me encajaba en la espalda, pesada. Hab\u00eda caminado mucho, tanto que lo hac\u00eda como un animal que se defiende. [&hellip;]<\/p>\n","protected":false},"author":7,"featured_media":0,"comment_status":"open","ping_status":"open","sticky":false,"template":"","format":"standard","meta":{"footnotes":""},"categories":[665],"tags":[2364,2468,919],"class_list":["post-10720","post","type-post","status-publish","format-standard","hentry","category-vorterix","tag-guetap","tag-poniatowska","tag-sietecase"],"_links":{"self":[{"href":"https:\/\/archivosonoro.com.ar\/wordpress\/index.php?rest_route=\/wp\/v2\/posts\/10720","targetHints":{"allow":["GET"]}}],"collection":[{"href":"https:\/\/archivosonoro.com.ar\/wordpress\/index.php?rest_route=\/wp\/v2\/posts"}],"about":[{"href":"https:\/\/archivosonoro.com.ar\/wordpress\/index.php?rest_route=\/wp\/v2\/types\/post"}],"author":[{"embeddable":true,"href":"https:\/\/archivosonoro.com.ar\/wordpress\/index.php?rest_route=\/wp\/v2\/users\/7"}],"replies":[{"embeddable":true,"href":"https:\/\/archivosonoro.com.ar\/wordpress\/index.php?rest_route=%2Fwp%2Fv2%2Fcomments&post=10720"}],"version-history":[{"count":2,"href":"https:\/\/archivosonoro.com.ar\/wordpress\/index.php?rest_route=\/wp\/v2\/posts\/10720\/revisions"}],"predecessor-version":[{"id":10731,"href":"https:\/\/archivosonoro.com.ar\/wordpress\/index.php?rest_route=\/wp\/v2\/posts\/10720\/revisions\/10731"}],"wp:attachment":[{"href":"https:\/\/archivosonoro.com.ar\/wordpress\/index.php?rest_route=%2Fwp%2Fv2%2Fmedia&parent=10720"}],"wp:term":[{"taxonomy":"category","embeddable":true,"href":"https:\/\/archivosonoro.com.ar\/wordpress\/index.php?rest_route=%2Fwp%2Fv2%2Fcategories&post=10720"},{"taxonomy":"post_tag","embeddable":true,"href":"https:\/\/archivosonoro.com.ar\/wordpress\/index.php?rest_route=%2Fwp%2Fv2%2Ftags&post=10720"}],"curies":[{"name":"wp","href":"https:\/\/api.w.org\/{rel}","templated":true}]}}