{"id":10678,"date":"2014-10-06T13:00:08","date_gmt":"2014-10-06T16:00:08","guid":{"rendered":"http:\/\/archivosonoro.com.ar\/?p=10678"},"modified":"2014-10-06T13:00:08","modified_gmt":"2014-10-06T16:00:08","slug":"la-hora-intima","status":"publish","type":"post","link":"https:\/\/archivosonoro.com.ar\/wordpress\/?p=10678","title":{"rendered":"La hora \u00edntima"},"content":{"rendered":"<p>Apertura del programa \u00abGuetap\u00bb -06\/Octubre- con Vinicius de Moraes. Conducido por Reynaldo Sietecase en Radio Vorterix.<\/p>\n<p><strong>La hora \u00edntima<\/strong><\/p>\n<p>\u00bfQui\u00e9n pagar\u00e1 el entierro y las flores<br \/>\nsi yo muero de amores?<\/p>\n<p>\u00bfQu\u00e9 amigo ser\u00e1 tan amigo<br \/>\nque en el entierro est\u00e9 conmigo?<\/p>\n<p>\u00bfQui\u00e9n, en medio del funeral<br \/>\ndir\u00e1 de m\u00ed: \u00abNunca hizo el mal&#8230;?<\/p>\n<p>\u00bfQui\u00e9n borracho, llorar\u00e1 en voz alta<br \/>\npor no haberme tra\u00eddo nada?<\/p>\n<p>\u00bfQui\u00e9n deshojar\u00e1 violetas<br \/>\nen mi tumulto de poeta?<\/p>\n<p>\u00bfQuien lanzar\u00e1 t\u00edmidamente<br \/>\nal suelo un grano de simiente?<\/p>\n<p>\u00bfQui\u00e9n mirar\u00e1, cobarde,<br \/>\nla estrella de la tarde?<\/p>\n<p>\u00bfQui\u00e9n me dir\u00e1 palabras m\u00e1gicas<br \/>\nque hagan empalidecer a los m\u00e1rmoles?<\/p>\n<p>\u00bfQui\u00e9n, oculta en velos oscuros,<br \/>\nse crucificar\u00e1 por los muros?<\/p>\n<p>\u00bfQui\u00e9n, con el rostro descompuesto,<br \/>\nsonreir\u00e1: Rey muerto, rey puesto&#8230;?<\/p>\n<p>\u00bfCu\u00e1ntas, en presencia del infierno<br \/>\nsentir\u00e1n dolores de parto?<\/p>\n<p>\u00bfCu\u00e1l la que, blanca de recelo,<br \/>\ntocar\u00e1 el bot\u00f3n de su seno?<\/p>\n<p>\u00bfQui\u00e9n loca, ha de caer de<br \/>\nhinojos sollozando tantos sollozos<br \/>\nque despierte recelos?<\/p>\n<p>\u00bfCu\u00e1ntos, los maxilares contra\u00eddos,<br \/>\ncon sangre en las cicatrices<br \/>\ndir\u00e1n: Fue un loco amigo&#8230;?<\/p>\n<p>\u00bfQu\u00e9 ni\u00f1o mirando a la tierra<br \/>\ny viendo moverse a un gusano<br \/>\ntendr\u00e1 un aire de comprensi\u00f3n?<\/p>\n<p>\u00bfQui\u00e9n, en circunstancia oficial,<br \/>\npropondr\u00e1 para m\u00ed un pedestal?<\/p>\n<p>\u00bfQu\u00e9 llegados de la monta\u00f1a<br \/>\ntendr\u00e1n circunspecci\u00f3n tama\u00f1a<br \/>\nque he de re\u00edr blanco de cal?<\/p>\n<p>\u00bfCu\u00e1l la que, el rostro al viento<br \/>\nlanzar\u00e1 un pu\u00f1ado de sal<br \/>\nen mi guarida de cemento?<\/p>\n<p>\u00bfQui\u00e9n cantar\u00e1 canciones de amigo<br \/>\nel d\u00eda de mi funeral?<\/p>\n<p>\u00bfCu\u00e1l la que no estar\u00e1 presente<br \/>\npor motivo circunstancial?<\/p>\n<p>\u00bfQui\u00e9n clavar\u00e1 en el seno duro<br \/>\nuna hoja oxidada?<\/p>\n<p>\u00bfQui\u00e9n, con verbo incons\u00fatil,<br \/>\nha de orar: La paz le sea dada?<\/p>\n<p>\u00bfCu\u00e1l el amigo que, a solas consigo,<br \/>\nha de pensar: No ser\u00e1 nada&#8230;?<\/p>\n<p>\u00bfQui\u00e9n ser\u00e1 la extra\u00f1a figura<br \/>\na un tronco de \u00e1rbol recostada<br \/>\ncon mirar fr\u00edo y aire de dudas?<\/p>\n<p>\u00bfQui\u00e9n conmigo se abrazar\u00e1<br \/>\ny tendr\u00e1 que ser arrancada?<\/p>\n<p>\u00bfQui\u00e9n va a pagar el entierro y las flores<br \/>\nsi yo muero de amores?<\/p>\n<p><iframe loading=\"lazy\" src=\"https:\/\/app.box.com\/embed_widget\/s\/bmtoqd5nnwag3svn1tpb?theme=blue\" width=\"500\" height=\"400\" frameborder=\"0\"allowfullscreen webkitallowfullscreen msallowfullscreen><\/iframe><\/p>\n","protected":false},"excerpt":{"rendered":"<p>Apertura del programa \u00abGuetap\u00bb -06\/Octubre- con Vinicius de Moraes. Conducido por Reynaldo Sietecase en Radio Vorterix. La hora \u00edntima \u00bfQui\u00e9n pagar\u00e1 el entierro y las flores si yo muero de amores? \u00bfQu\u00e9 amigo ser\u00e1 tan amigo que en el entierro est\u00e9 conmigo? \u00bfQui\u00e9n, en medio del funeral dir\u00e1 de m\u00ed: \u00abNunca hizo el mal&#8230;? \u00bfQui\u00e9n [&hellip;]<\/p>\n","protected":false},"author":7,"featured_media":0,"comment_status":"open","ping_status":"open","sticky":false,"template":"","format":"standard","meta":{"footnotes":""},"categories":[665],"tags":[2364,2467,919],"class_list":["post-10678","post","type-post","status-publish","format-standard","hentry","category-vorterix","tag-guetap","tag-moraes","tag-sietecase"],"_links":{"self":[{"href":"https:\/\/archivosonoro.com.ar\/wordpress\/index.php?rest_route=\/wp\/v2\/posts\/10678","targetHints":{"allow":["GET"]}}],"collection":[{"href":"https:\/\/archivosonoro.com.ar\/wordpress\/index.php?rest_route=\/wp\/v2\/posts"}],"about":[{"href":"https:\/\/archivosonoro.com.ar\/wordpress\/index.php?rest_route=\/wp\/v2\/types\/post"}],"author":[{"embeddable":true,"href":"https:\/\/archivosonoro.com.ar\/wordpress\/index.php?rest_route=\/wp\/v2\/users\/7"}],"replies":[{"embeddable":true,"href":"https:\/\/archivosonoro.com.ar\/wordpress\/index.php?rest_route=%2Fwp%2Fv2%2Fcomments&post=10678"}],"version-history":[{"count":1,"href":"https:\/\/archivosonoro.com.ar\/wordpress\/index.php?rest_route=\/wp\/v2\/posts\/10678\/revisions"}],"predecessor-version":[{"id":10679,"href":"https:\/\/archivosonoro.com.ar\/wordpress\/index.php?rest_route=\/wp\/v2\/posts\/10678\/revisions\/10679"}],"wp:attachment":[{"href":"https:\/\/archivosonoro.com.ar\/wordpress\/index.php?rest_route=%2Fwp%2Fv2%2Fmedia&parent=10678"}],"wp:term":[{"taxonomy":"category","embeddable":true,"href":"https:\/\/archivosonoro.com.ar\/wordpress\/index.php?rest_route=%2Fwp%2Fv2%2Fcategories&post=10678"},{"taxonomy":"post_tag","embeddable":true,"href":"https:\/\/archivosonoro.com.ar\/wordpress\/index.php?rest_route=%2Fwp%2Fv2%2Ftags&post=10678"}],"curies":[{"name":"wp","href":"https:\/\/api.w.org\/{rel}","templated":true}]}}