{"id":10531,"date":"2014-09-17T10:15:52","date_gmt":"2014-09-17T13:15:52","guid":{"rendered":"http:\/\/archivosonoro.com.ar\/?p=10531"},"modified":"2014-09-17T10:15:52","modified_gmt":"2014-09-17T13:15:52","slug":"locos-amigos","status":"publish","type":"post","link":"https:\/\/archivosonoro.com.ar\/wordpress\/?p=10531","title":{"rendered":"Locos amigos"},"content":{"rendered":"<p>Apertura del programa \u00abGuetap\u00bb -17\/Septiembre- con Pablo Neruda. Conducido por Reynaldo Sietecase en Radio Vorterix.<\/p>\n<p><strong>Locos amigos<\/strong><\/p>\n<p>Se abri\u00f3 tambi\u00e9n la noche de repente,<br \/>\nla descubr\u00ed, y era una rosa oscura<br \/>\nentre un d\u00eda amarillo y otro d\u00eda.<br \/>\nPero, para el que llega<br \/>\ndel Sur, de las regiones<br \/>\nnaturales, con fuego y ventisquero,<br \/>\nera la noche en la ciudad un barco,<br \/>\nuna vaga bodega de nav\u00edo.<br \/>\nSe abr\u00edan puertas y desde la sombra<br \/>\nla luz nos escup\u00eda:<br \/>\nbailaban hembra y hombre con zapatos<br \/>\nnegros como ata\u00fades que brillaban<br \/>\ny se adher\u00edan uno a una como<br \/>\nlas ventosas del mar, entre el tabaco,<br \/>\nel agrio vino, las conversaciones,<br \/>\nlas carcajadas verdes del borracho.<br \/>\nAlguna vez una mujer cay\u00e9ndose<br \/>\nen su p\u00e1lido abismo, un rostro impuro<br \/>\nque me comunicaba ojos y boca.<br \/>\nY all\u00ed sent\u00e9 mi adolescencia ardiendo<br \/>\nentre botellas rojas que estallaban<br \/>\na veces derramando sus rub\u00edes,<br \/>\nconstelando fant\u00e1sticas espadas,<br \/>\nconversaciones de la audacia in\u00fatil.<br \/>\nAll\u00ed mis compa\u00f1eros:<br \/>\nRojas Gim\u00e9nez extraviado<br \/>\nen su delicadeza,<br \/>\nmarino de papel, estrictamente<br \/>\nloco, elevando<br \/>\nel humo en una copa<br \/>\ny en otra copa<br \/>\nsu ternura errante,<br \/>\nhasta que as\u00ed se fue de tumbo en tumbo,<br \/>\ncomo si el vino se lo hubiera llevado<br \/>\na una comarca m\u00e1s y m\u00e1s lejana!<br \/>\nOh hermano fr\u00e1gil, tantas<br \/>\ncosas gan\u00e9 contigo, tanto<br \/>\nperd\u00ed en tu desastrado coraz\u00f3n<br \/>\ncomo en un cofre roto,<br \/>\nsin saber que te ir\u00edas con tu boca elegante,<br \/>\nsin saber que deb\u00edas<br \/>\ntambi\u00e9n morir, t\u00fa que ten\u00edas<br \/>\nque dar lecciones a la primavera!<br \/>\nY luego como un aparecido<br \/>\nque en plena fiesta estaba<br \/>\nescondido en lo oscuro<br \/>\nlleg\u00f3 Joaqu\u00edn Cifuentes<br \/>\nde sus prisiones: p\u00e1lida apostura,<br \/>\nrostro de mando en la lluvia,<br \/>\nenmarcado en las l\u00edneas del cabello<br \/>\nsobre la frente abierta a los dolores:<br \/>\nno sab\u00eda re\u00edr mi amigo nuevo:<br \/>\ny en la ceniza de la noche cruel<br \/>\nvi consumirse al H\u00fasar de la Muerte. src=\u00bbhttps:\/\/app.box.com\/embed_widget\/s\/fol8nhrgr3xyvxzed3lj?theme=blue\u00bb width=\u00bb500&#8243; height=\u00bb400&#8243; frameborder=\u00bb0&#8243;allowfullscreen webkitallowfullscreen msallowfullscreen><\/iframe><\/p>\n","protected":false},"excerpt":{"rendered":"<p>Apertura del programa \u00abGuetap\u00bb -17\/Septiembre- con Pablo Neruda. Conducido por Reynaldo Sietecase en Radio Vorterix. Locos amigos Se abri\u00f3 tambi\u00e9n la noche de repente, la descubr\u00ed, y era una rosa oscura entre un d\u00eda amarillo y otro d\u00eda. Pero, para el que llega del Sur, de las regiones naturales, con fuego y ventisquero, era la [&hellip;]<\/p>\n","protected":false},"author":7,"featured_media":0,"comment_status":"open","ping_status":"open","sticky":false,"template":"","format":"standard","meta":{"footnotes":""},"categories":[665],"tags":[2364,2369,919],"class_list":["post-10531","post","type-post","status-publish","format-standard","hentry","category-vorterix","tag-guetap","tag-neruda","tag-sietecase"],"_links":{"self":[{"href":"https:\/\/archivosonoro.com.ar\/wordpress\/index.php?rest_route=\/wp\/v2\/posts\/10531","targetHints":{"allow":["GET"]}}],"collection":[{"href":"https:\/\/archivosonoro.com.ar\/wordpress\/index.php?rest_route=\/wp\/v2\/posts"}],"about":[{"href":"https:\/\/archivosonoro.com.ar\/wordpress\/index.php?rest_route=\/wp\/v2\/types\/post"}],"author":[{"embeddable":true,"href":"https:\/\/archivosonoro.com.ar\/wordpress\/index.php?rest_route=\/wp\/v2\/users\/7"}],"replies":[{"embeddable":true,"href":"https:\/\/archivosonoro.com.ar\/wordpress\/index.php?rest_route=%2Fwp%2Fv2%2Fcomments&post=10531"}],"version-history":[{"count":1,"href":"https:\/\/archivosonoro.com.ar\/wordpress\/index.php?rest_route=\/wp\/v2\/posts\/10531\/revisions"}],"predecessor-version":[{"id":10532,"href":"https:\/\/archivosonoro.com.ar\/wordpress\/index.php?rest_route=\/wp\/v2\/posts\/10531\/revisions\/10532"}],"wp:attachment":[{"href":"https:\/\/archivosonoro.com.ar\/wordpress\/index.php?rest_route=%2Fwp%2Fv2%2Fmedia&parent=10531"}],"wp:term":[{"taxonomy":"category","embeddable":true,"href":"https:\/\/archivosonoro.com.ar\/wordpress\/index.php?rest_route=%2Fwp%2Fv2%2Fcategories&post=10531"},{"taxonomy":"post_tag","embeddable":true,"href":"https:\/\/archivosonoro.com.ar\/wordpress\/index.php?rest_route=%2Fwp%2Fv2%2Ftags&post=10531"}],"curies":[{"name":"wp","href":"https:\/\/api.w.org\/{rel}","templated":true}]}}